{"reservation":{"id":17333,"title":"50 cumplea\u00f1os","client":null,"createdAt":"2026-09-01 15:54:17","priority":"1","dateStart":"2026-10-17 00:00:00","dateEnd":"2026-10-17 23:59:00","createdBy":"151","supplier":null,"status":"Cotizado","updatedAt":"2026-09-01 16:01:59","updatedBy":"151","daysBlock":7,"idProposal":17333,"pax":null,"accessKey":null,"description":"\u003Cdiv dir=\u0022ltr\u0022 class=\u0022gmail_attr\u0022 style=\u0022color: rgb(34, 34, 34); font-family: Arial, Helvetica, sans-serif; font-size: small;\u0022\u003E---------- Forwarded message ---------\u003Cbr\u003EDe: \u003Cstrong class=\u0022gmail_sendername\u0022 dir=\u0022auto\u0022\u003EGreen Patio\u003C\/strong\u003E \u003Cspan dir=\u0022auto\u0022\u003E\u0026lt;desarrollo@develup.solutions\u0026gt;\u003C\/span\u003E\u003Cbr\u003EDate: mar, 1 sept 2026 a las 17:00\u003Cbr\u003ESubject: P\u00c1GINA WEB GREEN PATIO - Espacios\u003Cbr\u003ETo: \u0026lt;\u003Ca href=\u0022mailto:comercial@greenpatio.es\u0022 target=\u0022_blank\u0022 style=\u0022color: rgb(17, 85, 204);\u0022\u003Ecomercial@greenpatio.es\u003C\/a\u003E\u0026gt;, \u0026lt;desarrollo@develup.solutions\u0026gt;\u003Cwbr\u003E, \u0026lt;\u003Ca href=\u0022mailto:comunicacion@greenpatio.es\u0022 target=\u0022_blank\u0022 style=\u0022color: rgb(17, 85, 204);\u0022\u003Ecomunicacion@greenpatio.es\u003C\/a\u003E\u0026gt;, \u0026lt;daniela.gonzalez@develup.\u003Cwbr\u003Esolutions\u0026gt;, \u0026lt;gustavo.ayala@develup.\u003Cwbr\u003Esolutions\u0026gt;\u003Cbr\u003E\u003C\/div\u003E\u003Cp\u003E\u003Cbr style=\u0022color: rgb(34, 34, 34); font-family: Arial, Helvetica, sans-serif; font-size: small;\u0022\u003E\u003Cbr style=\u0022color: rgb(34, 34, 34); font-family: Arial, Helvetica, sans-serif; font-size: small;\u0022\u003E\u003C\/p\u003E\u003Cdiv style=\u0022color: rgb(34, 34, 34); font-family: Arial, Helvetica, sans-serif; font-size: small;\u0022\u003E\u003Ch1\u003EDe\u003C\/h1\u003E\u003Cp\u003E\u003Cstrong\u003ENombre y Apellido:\u003C\/strong\u003E Marta MARTINEZ\u003C\/p\u003E\u003Cp\u003E\u003Cstrong\u003ETel\u00e9fono:\u003C\/strong\u003E 683491260\u003C\/p\u003E\u003Cp\u003E\u003Cstrong\u003ECorreo Electr\u00f3nico:\u003C\/strong\u003E \u003Ca href=\u0022mailto:marta.martinez.rodriguez@hotmail.com\u0022 target=\u0022_blank\u0022 style=\u0022color: rgb(17, 85, 204);\u0022\u003Emarta.martinez.rodriguez@\u003Cwbr\u003Ehotmail.com\u003C\/a\u003E\u003C\/p\u003E\u003Cp\u003E\u003Cstrong\u003E\u00bfC\u00f3mo nos has conocido?:\u003C\/strong\u003E Buscando en Google\u003C\/p\u003E\u003Ch1\u003ESolicitud de informaci\u00f3n para evento\u003C\/h1\u003E\u003Cp\u003E\u003Cstrong\u003EFecha aproximada del evento:\u003C\/strong\u003E 17\/10\/2026\u003C\/p\u003E\u003Cp\u003E\u003Cstrong\u003EN\u00ba aprox de asistentes:\u003C\/strong\u003E 30\u003C\/p\u003E\u003Cp\u003E\u003Cstrong\u003EEspacio seleccionado:\u003C\/strong\u003E La Imprenta \u2013 Sala Cristal\u003C\/p\u003E\u003Cp\u003E\u003Cstrong\u003EDetalles del evento:\u003C\/strong\u003E\u003C\/p\u003E\u003Cp\u003Ebuenas tardes, les contacto porque estoy buscando un espacio para celebrar un 50 cumplea\u00f1os, con adultos y quer\u00eda saber si podr\u00eda ser en alguno de sus espacios (forma adaptada). es un grupo de 30-35 personas aproximadamente. tengo flexibilidad de horario, excepto ma\u00f1anas.les agradeceria que me enviasen infomaci\u00f3n sobre opciones y precios, si es posible. muchas gracias, marta\u003C\/p\u003E\u003C\/div\u003E","clientContact":null,"contactUnregistered":null,"days":null,"contract":null,"nameContactUnregistered":"marta","phoneContactUnregistered":null,"token":"6a96f52926bb4","contactEmail":null,"breakdownPackages":false,"idWebLanguage":1,"showPackagePrice":1},"options":{"1":[{"id":31942,"loungeId":13,"loungeName":"Sala de Cristal","type":null,"rankQuote":1,"dateStart":"2026-10-17 00:00:00","dateEnd":"2026-10-17 23:59:00","pax":40,"price":"3000","loungeIva":630,"combo":null,"isCombo":0,"descriptions":[{"language":"CASTELLANO","description":"\u003Cp class=\u0022MsoNormal\u0022 style=\u0022margin: 0cm; font-size: 12pt; font-family: \u0026quot;Times New Roman\u0026quot;, serif; color: rgb(0, 0, 0); line-height: 18.4px;\u0022\u003E\u003Cspan style=\u0022font-family: Arial, sans-serif;\u0022\u003ELa \u003Cb\u003ESala de Cristal\u003C\/b\u003E es m\u00e1s que un simple lugar para eventos; es una obra maestra arquitect\u00f3nica y un faro de innovaci\u00f3n.\u003C\/span\u003E\u003C\/p\u003E\u003Cp class=\u0022MsoNormal\u0022 style=\u0022margin: 0cm; font-size: 12pt; font-family: \u0026quot;Times New Roman\u0026quot;, serif; color: rgb(0, 0, 0); line-height: 18.4px;\u0022\u003E\u003Cspan style=\u0022font-family: Arial, sans-serif;\u0022\u003E\u003Cbr\u003E\u003C\/span\u003E\u003C\/p\u003E\u003Cp class=\u0022MsoNormal\u0022 style=\u0022margin: 0cm; font-size: 12pt; font-family: \u0026quot;Times New Roman\u0026quot;, serif; color: rgb(0, 0, 0); line-height: 18.4px;\u0022\u003E\u003Cspan style=\u0022font-family: Arial, sans-serif; font-size: 12pt;\u0022\u003EComo uno de los pocos edificios en Europa construidos con ladrillos de cristal, ofrece una experiencia que no se puede encontrar en ning\u00fan otro lugar. Aqu\u00ed, las paredes no solo delimitan el espacio, sino que lo enriquecen, permitiendo que la luz y la creatividad fluyan libremente.\u003C\/span\u003E\u003C\/p\u003E\u003Cp class=\u0022MsoNormal\u0022 style=\u0022margin: 0cm; font-size: 12pt; font-family: \u0026quot;Times New Roman\u0026quot;, serif; color: rgb(0, 0, 0); line-height: 18.4px;\u0022\u003E\u003Cspan style=\u0022font-family: Arial, sans-serif;\u0022\u003E\u003Co:p\u003E\u003Cbr\u003E\u003C\/o:p\u003E\u003C\/span\u003E\u003C\/p\u003E\u003Cp class=\u0022MsoNormal\u0022 style=\u0022margin: 0cm; font-size: 12pt; font-family: \u0026quot;Times New Roman\u0026quot;, serif; color: rgb(0, 0, 0); line-height: 18.4px;\u0022\u003E\u003Cspan style=\u0022font-family: Arial, sans-serif;\u0022\u003E\u003Co:p\u003EAqu\u00ed\u0026nbsp;\u003C\/o:p\u003E\u003C\/span\u003E\u003Cspan style=\u0022font-family: Arial, sans-serif; font-size: 12pt;\u0022\u003Etu evento se transformar\u00e1 en una experiencia inolvidable, donde cada detalle ha sido pensado para sorprender y deleitar a sus invitados. Ven y descubre el incre\u00edble espacio donde las paredes respiran y la luz es la protagonista.\u003C\/span\u003E\u003C\/p\u003E\u003Cp class=\u0022MsoNormal\u0022 style=\u0022margin: 0cm; font-size: 12pt; font-family: \u0026quot;Times New Roman\u0026quot;, serif; color: rgb(0, 0, 0); line-height: 18.4px;\u0022\u003E\u003Cspan style=\u0022font-family: Arial, sans-serif; font-size: 12pt;\u0022\u003E\u003Cbr\u003E\u003C\/span\u003E\u003C\/p\u003E\u003Cp class=\u0022MsoNormal\u0022 style=\u0022margin: 0cm; font-size: 12pt; font-family: \u0026quot;Times New Roman\u0026quot;, serif; color: rgb(0, 0, 0); line-height: 18.4px;\u0022\u003E\u003Cspan style=\u0022font-family: Arial, sans-serif;\u0022\u003EEspecificaciones t\u00e9cnicas:\u003C\/span\u003E\u003C\/p\u003E\u003Cp class=\u0022MsoNormal\u0022 style=\u0022margin: 0cm; font-size: 12pt; font-family: \u0026quot;Times New Roman\u0026quot;, serif; color: rgb(0, 0, 0); line-height: 18.4px;\u0022\u003E\u003Cspan style=\u0022font-family: Arial, sans-serif;\u0022\u003E\u003Cbr\u003E\u003C\/span\u003E\u003C\/p\u003E\u003Cul\u003E\u003Cli style=\u0022margin: 0cm; font-size: 12pt; font-family: \u0026quot;Times New Roman\u0026quot;, serif; color: rgb(0, 0, 0); line-height: 18.4px;\u0022\u003E\u003Cspan style=\u0022font-family: Arial, sans-serif;\u0022\u003E250 m2 di\u00e1fanos\u003C\/span\u003E\u003C\/li\u003E\u003Cli style=\u0022margin: 0cm; font-size: 12pt; font-family: \u0026quot;Times New Roman\u0026quot;, serif; color: rgb(0, 0, 0); line-height: 18.4px;\u0022\u003E\u003Cspan style=\u0022font-family: Arial, sans-serif;\u0022\u003EBa\u00f1os propios\u003C\/span\u003E\u003C\/li\u003E\u003Cli style=\u0022margin: 0cm; font-size: 12pt; font-family: \u0026quot;Times New Roman\u0026quot;, serif; color: rgb(0, 0, 0); line-height: 18.4px;\u0022\u003E\u003Cspan style=\u0022font-family: Arial, sans-serif;\u0022\u003EParedes de verdaderos ladrillos de cristal\u003C\/span\u003E\u003C\/li\u003E\u003Cli style=\u0022margin: 0cm; font-size: 12pt; font-family: \u0026quot;Times New Roman\u0026quot;, serif; color: rgb(0, 0, 0); line-height: 18.4px;\u0022\u003E\u003Cspan lang=\u0022EN-US\u0022 style=\u0022font-family: Arial, sans-serif;\u0022\u003EAcceso directo a Terraza\u003Co:p\u003E\u003C\/o:p\u003E\u003C\/span\u003E\u003C\/li\u003E\u003C\/ul\u003E\u003Cp class=\u0022MsoNormal\u0022 style=\u0022margin: 0cm; font-size: 12pt; font-family: \u0026quot;Times New Roman\u0026quot;, serif; color: rgb(0, 0, 0); line-height: 18.4px;\u0022\u003E\u003Cbr\u003E\u003C\/p\u003E\u003Cp class=\u0022MsoNormal\u0022 style=\u0022margin: 0cm; font-size: 12pt; font-family: \u0026quot;Times New Roman\u0026quot;, serif; color: rgb(0, 0, 0); line-height: 18.4px;\u0022\u003E\u003Cspan style=\u0022font-family: Arial, sans-serif;\u0022\u003E\u003Co:p\u003E\u003C\/o:p\u003E\u003C\/span\u003E\u003C\/p\u003E","createdAt":"2024-12-02 15:46:43","updatedAt":"2024-12-02 15:46:43"},{"language":"ENGLISH","description":"\u003Cp class=\u0022MsoNormal\u0022 style=\u0022margin: 0cm; font-size: 12pt; line-height: 18.4px;\u0022\u003E\u003Cspan lang=\u0022EN-US\u0022 style=\u0022\u0022\u003E\u003Cfont color=\u0022#000000\u0022 style=\u0022\u0022 face=\u0022Arial\u0022\u003E\u003Cb style=\u0022\u0022\u003ESala de Cristal\u003C\/b\u003E is more than just a venue; it is an architectural masterpiece and a beacon of innovation. As one of the few buildings in Europe constructed with glass bricks, it offers an experience that cannot be found anywhere else. Here, the walls not only delineate the space but also enrich it, allowing light and creativity to flow freely.\u003C\/font\u003E\u003C\/span\u003E\u003C\/p\u003E\u003Cp class=\u0022MsoNormal\u0022 style=\u0022margin: 0cm; font-size: 12pt; line-height: 18.4px;\u0022\u003E\u003Cspan lang=\u0022EN-US\u0022 style=\u0022\u0022\u003E\u003Cfont color=\u0022#000000\u0022 face=\u0022Arial\u0022\u003E\u003Cbr\u003E\u003C\/font\u003E\u003C\/span\u003E\u003C\/p\u003E\u003Cp class=\u0022MsoNormal\u0022 style=\u0022margin: 0cm; font-size: 12pt; line-height: 18.4px;\u0022\u003E\u003Cspan lang=\u0022EN-US\u0022 style=\u0022\u0022\u003E\u003Cfont color=\u0022#000000\u0022 face=\u0022Arial\u0022\u003E\u003Co:p\u003E\u003C\/o:p\u003E\u003C\/font\u003E\u003C\/span\u003E\u003C\/p\u003E\u003Cp class=\u0022MsoNormal\u0022 style=\u0022margin: 0cm; font-size: 12pt; line-height: 18.4px;\u0022\u003E\u003Cspan lang=\u0022EN-US\u0022 style=\u0022\u0022\u003E\u003Cfont color=\u0022#000000\u0022 face=\u0022Arial\u0022\u003EIn this venue your event will transform into an unforgettable experience, where every detail has been designed to surprise and delight your guests. Come and discover the incredible space where the walls breathe, and light takes center stage.\u003C\/font\u003E\u003C\/span\u003E\u003C\/p\u003E\u003Cp class=\u0022MsoNormal\u0022 style=\u0022margin: 0cm; font-size: 12pt; line-height: 18.4px;\u0022\u003E\u003Cspan lang=\u0022EN-US\u0022 style=\u0022\u0022\u003E\u003Co:p\u003E\u003Cfont color=\u0022#000000\u0022 face=\u0022Arial\u0022\u003E\u003Cbr\u003E\u003C\/font\u003E\u003C\/o:p\u003E\u003C\/span\u003E\u003C\/p\u003E\u003Cp class=\u0022MsoNormal\u0022 style=\u0022margin: 0cm; font-size: 12pt; line-height: 18.4px;\u0022\u003E\u003Cfont color=\u0022#000000\u0022 face=\u0022Arial\u0022\u003ETechnical Specifications:\u003C\/font\u003E\u003C\/p\u003E\u003Cp class=\u0022MsoNormal\u0022 style=\u0022margin: 0cm; font-size: 12pt; line-height: 18.4px;\u0022\u003E\u003Cfont color=\u0022#000000\u0022 face=\u0022Arial\u0022\u003E\u003Cbr\u003E\u003C\/font\u003E\u003C\/p\u003E\u003Cul\u003E\u003Cli style=\u0022margin: 0cm; font-size: 12pt; line-height: 18.4px;\u0022\u003E\u003Cfont color=\u0022#000000\u0022 face=\u0022Arial\u0022\u003E250m2 open space\u003C\/font\u003E\u003C\/li\u003E\u003Cli style=\u0022margin: 0cm; font-size: 12pt; line-height: 18.4px;\u0022\u003E\u003Cfont color=\u0022#000000\u0022 face=\u0022Arial\u0022\u003EPrivate bathrooms\u003C\/font\u003E\u003C\/li\u003E\u003Cli style=\u0022margin: 0cm; font-size: 12pt; line-height: 18.4px;\u0022\u003E\u003Cspan lang=\u0022EN-US\u0022 style=\u0022\u0022\u003E\u003Cfont color=\u0022#000000\u0022 face=\u0022Arial\u0022\u003EWalls of genuine glass bricks\u003C\/font\u003E\u003C\/span\u003E\u003C\/li\u003E\u003Cli style=\u0022margin: 0cm; font-size: 12pt; line-height: 18.4px;\u0022\u003E\u003Cfont color=\u0022#000000\u0022 style=\u0022\u0022 face=\u0022Arial\u0022\u003EDirect access to Terrace\u003C\/font\u003E\u003Cfont color=\u0022#365f91\u0022 style=\u0022font-family: Arial, sans-serif; font-weight: bold;\u0022\u003E\u003Co:p\u003E\u003C\/o:p\u003E\u003C\/font\u003E\u003C\/li\u003E\u003C\/ul\u003E\u003Cp\u003E\u003Cspan style=\u0022color: rgb(0, 0, 0); font-size: medium;\u0022\u003E\u003C\/span\u003E\u003C\/p\u003E","createdAt":"2024-12-02 15:48:24","updatedAt":"2024-12-02 15:48:24"}],"loungeDescription":null,"importantDescription":"\u003Cul\u003E\u003Cli style=\u0022margin-left: 15px;\u0022\u003E\u003Cfont color=\u0022#000000\u0022 face=\u0022verdana, sans-serif\u0022\u003E\u003Cspan style=\u0022color: rgb(34, 34, 34);\u0022\u003EEsta sala dispone de\u0026nbsp;\u003Cb\u003E250 m2\u003C\/b\u003E\u0026nbsp;y es de la m\u00e1s espectacular y original del espacio, pues dispone de toda una pared de verdaderos ladrillos de Cristal, siendo el \u00fanico edificio en Espa\u00f1a con esta caracter\u00edstica.\u0026nbsp;\u003C\/span\u003E\u003C\/font\u003E\u003C\/li\u003E\u003C\/ul\u003E\u003Cp style=\u0022margin-left: 15px;\u0022\u003E\u003Cu style=\u0022color: rgb(0, 0, 0); font-family: verdana, sans-serif; font-size: small;\u0022\u003E\u003Ci\u003E\u003Cu style=\u0022font-style: normal;\u0022\u003E\u003Ci\u003E\u003Cu style=\u0022font-style: normal;\u0022\u003E\u003Ci\u003E\u003Ci style=\u0022color: rgb(34, 34, 34);\u0022\u003E\u003Cu\u003E**Este precio no incluye la exclusividad del edificio completo pero s\u00ed de las salas ofertadas con su entrada en exclusiva. En caso de necesitar exclusividad total del edificio, por favor, consultar para estudiar presupuesto**\u003C\/u\u003E\u003C\/i\u003E\u003C\/i\u003E\u003C\/u\u003E\u003C\/i\u003E\u003C\/u\u003E\u003C\/i\u003E\u003C\/u\u003E\u003Cfont color=\u0022#000000\u0022 face=\u0022verdana, sans-serif\u0022\u003E\u003Cspan style=\u0022color: rgb(34, 34, 34);\u0022\u003E\u003C\/span\u003E\u003C\/font\u003E\u003C\/p\u003E","importantDescGeneralText":"\u003Cp class=\u0022MsoNormal\u0022\u003E\u003Cspan style=\u0022font-family: Verdana; white-space-collapse: preserve; color: rgb(0, 0, 0); font-size: 16px;\u0022\u003EEn la pesta\u00f1a superior derecha de \u003C\/span\u003E\u003Cb style=\u0022font-family: Verdana; white-space-collapse: preserve; color: rgb(0, 0, 0); font-size: 16px;\u0022\u003E\u003Cu\u003E\u0022Dossieres\u003C\/u\u003E\u003C\/b\u003E\u003Cspan style=\u0022font-family: Verdana; white-space-collapse: preserve; color: rgb(0, 0, 0); font-size: 16px;\u0022\u003E\u0022 encontrar\u00e1s mas fotos e informaci\u00f3n de los espacios, la oferta de catering y gastronom\u00eda de \u003Cb\u003EHigo \u0026amp; Trigo\u003C\/b\u003E y el rider t\u00e9cnico y precios de\u003Cb\u003E Av Express\u003C\/b\u003E\u003C\/span\u003E\u003C\/p\u003E","importantDescSchedules":"\u003Cp class=\u0022MsoNormal\u0022\u003E\u003Cb\u003E\u003Cu\u003E\u003Cspan style=\u0022font-size: 10pt; line-height: 15.3333px; font-family: \u0026quot;Century Gothic\u0026quot;, sans-serif;\u0022\u003E-\u0026nbsp;\u003C\/span\u003E\u003C\/u\u003E\u003C\/b\u003E\u003Cb\u003E\u003Cu\u003E\u003Cspan style=\u0022font-size: 10pt; line-height: 15.3333px; font-family: Arial, sans-serif;\u0022\u003E\u200b\u003C\/span\u003E\u003C\/u\u003E\u003C\/b\u003E\u003Cb\u003E\u003Cu\u003E\u003Cspan style=\u0022font-size: 10pt; line-height: 15.3333px; font-family: \u0026quot;Century Gothic\u0026quot;, sans-serif;\u0022\u003EHorarios:\u003C\/span\u003E\u003C\/u\u003E\u003C\/b\u003E\u003Cspan style=\u0022font-size: 10pt; line-height: 15.3333px; font-family: \u0026quot;Century Gothic\u0026quot;, sans-serif;\u0022\u003E\u0026nbsp;\u003C\/span\u003E\u003Cspan style=\u0022font-size: 10pt; line-height: 15.3333px; font-family: Arial, sans-serif;\u0022\u003E\u200b\u003C\/span\u003E\u003Cspan style=\u0022font-size: 10pt; line-height: 15.3333px; font-family: \u0026quot;Century Gothic\u0026quot;, sans-serif;\u0022\u003ENuestra\u0026nbsp;\u003C\/span\u003E\u003Cb\u003E\u003Cspan style=\u0022font-size: 10pt; line-height: 15.3333px; font-family: Arial, sans-serif;\u0022\u003E\u200b\u003C\/span\u003E\u003C\/b\u003E\u003Cb\u003E\u003Cspan style=\u0022font-size: 10pt; line-height: 15.3333px; font-family: \u0026quot;Century Gothic\u0026quot;, sans-serif;\u0022\u003Ehora de l\u00edmite\u003C\/span\u003E\u003C\/b\u003E\u003Cspan style=\u0022font-size: 10pt; line-height: 15.3333px; font-family: \u0026quot;Century Gothic\u0026quot;, sans-serif;\u0022\u003E\u0026nbsp;es hasta las\u0026nbsp;\u003Cb\u003E00:00 horas en Green Patio\u003C\/b\u003E. A\u0026nbsp;dichas horas debemos estar cerrados.\u003Co:p\u003E\u003C\/o:p\u003E\u003C\/span\u003E\u003C\/p\u003E\u003Cp class=\u0022MsoNormal\u0022\u003E\u003Cspan style=\u0022font-size: 10pt; line-height: 15.3333px; font-family: \u0026quot;Century Gothic\u0026quot;, sans-serif;\u0022\u003E**A consultar los horarios para los d\u00edas de montaje y desmontaje dependiendo del evento**\u0026nbsp;\u003C\/span\u003E\u003C\/p\u003E","importantDescParking":"\u003Cp\u003E\u003Cb\u003E\u003Cu\u003E\u003Cspan style=\u0022font-size: 10pt; line-height: 15.3333px; font-family: \u0026quot;Century Gothic\u0026quot;, sans-serif;\u0022\u003E*Para el parking\u003C\/span\u003E\u003C\/u\u003E\u003C\/b\u003E\u003Cspan style=\u0022font-size: 10pt; line-height: 15.3333px; font-family: \u0026quot;Century Gothic\u0026quot;, sans-serif;\u0022\u003E, disponemos de parking privado en el espacio.Tenemos dos packs:\u0026nbsp;(Ambos cuentan con asistencia para indicar d\u00f3nde aparcar.)\u0026nbsp;\u003C\/span\u003E\u003C\/p\u003E\u003Cul type=\u0022disc\u0022 style=\u0022margin-top: 0cm;\u0022\u003E\u003Cli class=\u0022MsoNormal\u0022\u003E\u003Cspan style=\u0022font-size: 10pt; line-height: 15.3333px; font-family: \u0026quot;Century Gothic\u0026quot;, sans-serif;\u0022\u003EPack de\u0026nbsp;30\u0026nbsp;plazas:\u0026nbsp;1.200\u20ac + IVA\u0026nbsp;por jornada.\u0026nbsp;\u003Co:p\u003E\u003C\/o:p\u003E\u003C\/span\u003E\u003C\/li\u003E\u003Cli class=\u0022MsoNormal\u0022\u003E\u003Cspan style=\u0022font-size: 10pt; line-height: 15.3333px; font-family: \u0026quot;Century Gothic\u0026quot;, sans-serif;\u0022\u003EPack de 50 plazas: 1.800\u20ac\u0026nbsp;+ IVA por jornada.\u0026nbsp;\u003Co:p\u003E\u003C\/o:p\u003E\u003C\/span\u003E\u003C\/li\u003E\u003C\/ul\u003E\u003Cp class=\u0022MsoNormal\u0022\u003E\u003Cspan style=\u0022font-size: 10pt; line-height: 15.3333px; font-family: \u0026quot;Century Gothic\u0026quot;, sans-serif;\u0022\u003EAdem\u00e1s, tenemos convenio con el parking de General Per\u00f3n 21, quien\u0026nbsp;nos deja un 20% de descuento. Contacto del parking para la confirmaci\u00f3n del 20% de descuento y consultar disponibilidad de plazas: +34 686 39 49 54\u0026nbsp;\u003C\/span\u003E\u003C\/p\u003E","showAudiovisualPrice":true,"showAudiovisualPackage":true,"pictures":[{"id":12,"title":"Blueprint","imageLarge":"large-95b6dfbe25f5b96e37b5086c20e51d69.jpeg","imageMedium":"medium-95b6dfbe25f5b96e37b5086c20e51d69.jpeg","imageSmall":"small-95b6dfbe25f5b96e37b5086c20e51d69.jpeg","createdAt":"2023-01-20 13:18:14","updatedAt":"2023-01-20 13:18:14"},{"id":39,"title":"Coctel","imageLarge":"large-6a301bab2b9f98da9fa1b5f6c678e536.jpeg","imageMedium":"medium-6a301bab2b9f98da9fa1b5f6c678e536.jpeg","imageSmall":"small-6a301bab2b9f98da9fa1b5f6c678e536.jpeg","createdAt":"2023-01-23 11:10:59","updatedAt":"2023-01-23 11:10:59"},{"id":40,"title":null,"imageLarge":"large-577cc67ee8fe59d580528d0dedb0fba9.jpeg","imageMedium":"medium-577cc67ee8fe59d580528d0dedb0fba9.jpeg","imageSmall":"small-577cc67ee8fe59d580528d0dedb0fba9.jpeg","createdAt":"2023-01-23 11:11:45","updatedAt":"2023-01-23 11:11:45"},{"id":41,"title":null,"imageLarge":"large-5ac0f83b5bbb7e67ad27b1f586399137.jpeg","imageMedium":"medium-5ac0f83b5bbb7e67ad27b1f586399137.jpeg","imageSmall":"small-5ac0f83b5bbb7e67ad27b1f586399137.jpeg","createdAt":"2023-01-23 11:11:46","updatedAt":"2023-01-23 11:11:46"},{"id":42,"title":null,"imageLarge":"large-c0af51ba8f60f8087acacc1364e21099.jpeg","imageMedium":"medium-c0af51ba8f60f8087acacc1364e21099.jpeg","imageSmall":"small-c0af51ba8f60f8087acacc1364e21099.jpeg","createdAt":"2023-01-23 11:11:47","updatedAt":"2023-01-23 11:11:47"}],"comboDetails":[],"loungeDetails":{"id":13,"name":"Sala de Cristal","meters":"210","length":"11","width":"16","height":"3","capSchool":"100","capTheater":"180","capCocktail":"180","capBanquet":"125","capImperial":"125","rankLounge":16,"createdAt":"2019-12-29 10:38:25","updatedAt":"2025-10-02 17:09:06"},"totalPrice":3630,"avPackages":[],"loungeServices":[]}],"2":[{"id":31943,"loungeId":19,"loungeName":"Sala 25","type":null,"rankQuote":2,"dateStart":"2026-10-17 00:00:00","dateEnd":"2026-10-17 23:59:00","pax":40,"price":"4000","loungeIva":840,"combo":null,"isCombo":0,"descriptions":[{"language":"CASTELLANO","description":"\u003Cp class=\u0022MsoNormal\u0022 style=\u0022margin: 0cm; font-size: 12pt; font-family: \u0026quot;Times New Roman\u0026quot;, serif; line-height: 18.4px;\u0022\u003E\u003Cb\u003E\u003Cspan style=\u0022font-family: Arial, sans-serif;\u0022\u003E\u003Cfont color=\u0022#000000\u0022\u003ESala 25\u003C\/font\u003E\u003C\/span\u003E\u003C\/b\u003E\u003Cb style=\u0022color: rgb(0, 0, 0);\u0022\u003E\u003Cspan lang=\u0022EN-US\u0022 style=\u0022font-family: Arial, sans-serif; color: rgb(0, 176, 80);\u0022\u003E\u003Co:p\u003E\u003C\/o:p\u003E\u003C\/span\u003E\u003C\/b\u003E\u003C\/p\u003E\u003Cp class=\u0022MsoNormal\u0022 style=\u0022margin: 0cm; font-size: 12pt; font-family: \u0026quot;Times New Roman\u0026quot;, serif; color: rgb(0, 0, 0); line-height: 18.4px;\u0022\u003E\u003Cspan style=\u0022font-family: Arial, sans-serif;\u0022\u003E\u0026nbsp;\u003C\/span\u003E\u003C\/p\u003E\u003Cp class=\u0022MsoNormal\u0022 style=\u0022margin: 0cm; font-size: 12pt; font-family: \u0026quot;Times New Roman\u0026quot;, serif; color: rgb(0, 0, 0); line-height: 18.4px;\u0022\u003E\u003Cspan style=\u0022font-family: Arial, sans-serif;\u0022\u003ELa perfecta fusi\u00f3n entre tecnolog\u00eda y dise\u00f1o.\u003C\/span\u003E\u003C\/p\u003E\u003Cp class=\u0022MsoNormal\u0022 style=\u0022margin: 0cm; font-size: 12pt; font-family: \u0026quot;Times New Roman\u0026quot;, serif; color: rgb(0, 0, 0); line-height: 18.4px;\u0022\u003E\u003Cspan lang=\u0022EN-US\u0022 style=\u0022font-family: Arial, sans-serif;\u0022\u003E\u0026nbsp;\u003C\/span\u003E\u003C\/p\u003E\u003Cp class=\u0022MsoNormal\u0022 style=\u0022margin: 0cm; font-size: 12pt; font-family: \u0026quot;Times New Roman\u0026quot;, serif; color: rgb(0, 0, 0); line-height: 18.4px;\u0022\u003E\u003Cspan style=\u0022font-family: Arial, sans-serif;\u0022\u003EEste espacio, \u00fanico en su clase, es el lugar ideal para eventos corporativos y sociales que buscan un entorno moderno y singular.\u003Co:p\u003E\u003C\/o:p\u003E\u003C\/span\u003E\u003C\/p\u003E\u003Cp class=\u0022MsoNormal\u0022 style=\u0022margin: 0cm; font-size: 12pt; font-family: \u0026quot;Times New Roman\u0026quot;, serif; color: rgb(0, 0, 0); line-height: 18.4px;\u0022\u003E\u003Cspan style=\u0022font-family: Arial, sans-serif;\u0022\u003E\u0026nbsp;\u003C\/span\u003E\u003C\/p\u003E\u003Cp class=\u0022MsoNormal\u0022 style=\u0022margin: 0cm; font-size: 12pt; font-family: \u0026quot;Times New Roman\u0026quot;, serif; color: rgb(0, 0, 0); line-height: 18.4px;\u0022\u003E\u003Cspan style=\u0022font-family: Arial, sans-serif;\u0022\u003EAntiguamente un taller industrial, ha sido meticulosamente recuperada para preservar su esencia original, incorporando al mismo tiempo los sistemas audiovisuales m\u00e1s avanzados y creando una est\u00e9tica industrial tecnol\u00f3gica.\u003Co:p\u003E\u003C\/o:p\u003E\u003C\/span\u003E\u003C\/p\u003E\u003Cp class=\u0022MsoNormal\u0022 style=\u0022margin: 0cm; font-size: 12pt; font-family: \u0026quot;Times New Roman\u0026quot;, serif; color: rgb(0, 0, 0); line-height: 18.4px;\u0022\u003E\u003Cspan style=\u0022font-family: Arial, sans-serif;\u0022\u003E\u0026nbsp;\u003C\/span\u003E\u003C\/p\u003E\u003Cp class=\u0022MsoNormal\u0022 style=\u0022margin: 0cm; font-size: 12pt; font-family: \u0026quot;Times New Roman\u0026quot;, serif; color: rgb(0, 0, 0); line-height: 18.4px;\u0022\u003E\u003Cspan style=\u0022font-family: Arial, sans-serif;\u0022\u003ELa arquitectura expuesta, con vigas de acero y paredes de ladrillo visto, se complementa con acabados contempor\u00e1neos, creando un ambiente \u00fanico y sofisticado.\u003C\/span\u003E\u003C\/p\u003E\u003Cp class=\u0022MsoNormal\u0022 style=\u0022margin: 0cm; font-size: 12pt; font-family: \u0026quot;Times New Roman\u0026quot;, serif; color: rgb(0, 0, 0); line-height: 18.4px;\u0022\u003E\u003Cspan style=\u0022font-family: Arial, sans-serif;\u0022\u003E\u003Cbr\u003E\u003C\/span\u003E\u003C\/p\u003E\u003Cp class=\u0022MsoNormal\u0022 style=\u0022margin: 0cm; font-size: 12pt; font-family: \u0026quot;Times New Roman\u0026quot;, serif; color: rgb(0, 0, 0); line-height: 18.4px;\u0022\u003E\u003Cspan style=\u0022font-family: Arial, sans-serif;\u0022\u003E\u003Cb\u003ESistemas AV Modernos:\u003C\/b\u003E\u0026nbsp;equipos audiovisuales de \u00faltima generaci\u00f3n, incluyendo pantallas LED de alta resoluci\u00f3n, sistemas de sonido envolvente y conectividad avanzada para transmisiones en vivo y presentaciones en streaming.\u003Co:p\u003E\u003C\/o:p\u003E\u003C\/span\u003E\u003C\/p\u003E\u003Cp class=\u0022MsoNormal\u0022 style=\u0022margin: 0cm; font-size: 12pt; font-family: \u0026quot;Times New Roman\u0026quot;, serif; color: rgb(0, 0, 0); line-height: 18.4px;\u0022\u003E\u003Cspan style=\u0022font-family: Arial, sans-serif;\u0022\u003E\u003Co:p\u003E\u003Cb\u003E\u003Cbr\u003E\u003C\/b\u003E\u003C\/o:p\u003E\u003C\/span\u003E\u003C\/p\u003E\u003Cp class=\u0022MsoNormal\u0022 style=\u0022margin: 0cm; font-size: 12pt; font-family: \u0026quot;Times New Roman\u0026quot;, serif; color: rgb(0, 0, 0); line-height: 18.4px;\u0022\u003E\u003Cspan style=\u0022font-family: Arial, sans-serif;\u0022\u003E\u003Cb\u003EIluminaci\u00f3n Personalizable:\u0026nbsp;\u003C\/b\u003Esistema de iluminaci\u00f3n inteligente que permite ajustar la intensidad y el color de las luces para adaptarse a la tem\u00e1tica y el ambiente deseado para cada evento.\u003C\/span\u003E\u003C\/p\u003E\u003Cp class=\u0022MsoNormal\u0022 style=\u0022margin: 0cm; font-size: 12pt; font-family: \u0026quot;Times New Roman\u0026quot;, serif; color: rgb(0, 0, 0); line-height: 18.4px;\u0022\u003E\u003Cspan style=\u0022font-family: Arial, sans-serif;\u0022\u003E\u003Co:p\u003E\u003Cb\u003E\u003Cbr\u003E\u003C\/b\u003E\u003C\/o:p\u003E\u003C\/span\u003E\u003C\/p\u003E\u003Cp class=\u0022MsoNormal\u0022 style=\u0022margin: 0cm; font-size: 12pt; font-family: \u0026quot;Times New Roman\u0026quot;, serif; color: rgb(0, 0, 0); line-height: 18.4px;\u0022\u003E\u003Cspan style=\u0022font-family: Arial, sans-serif;\u0022\u003E\u003Cb\u003EEspacio Modular:\u003C\/b\u003E\u0026nbsp;posibilidad de dividir el \u00e1rea en secciones m\u00e1s peque\u00f1as para eventos m\u00e1s \u00edntimos o para crear zonas espec\u00edficas para distintas actividades dentro del mismo evento.\u003Co:p\u003E\u003C\/o:p\u003E\u003C\/span\u003E\u003C\/p\u003E\u003Cp class=\u0022MsoNormal\u0022 style=\u0022margin: 0cm; font-size: 12pt; font-family: \u0026quot;Times New Roman\u0026quot;, serif; color: rgb(0, 0, 0); line-height: 18.4px;\u0022\u003E\u003Cspan style=\u0022font-family: Arial, sans-serif;\u0022\u003E\u003Cbr\u003E\u003C\/span\u003E\u003C\/p\u003E\u003Cp class=\u0022MsoNormal\u0022 style=\u0022margin: 0cm; font-size: 12pt; font-family: \u0026quot;Times New Roman\u0026quot;, serif; color: rgb(0, 0, 0); line-height: 18.4px;\u0022\u003E\u003Cspan lang=\u0022EN-US\u0022 style=\u0022font-family: Arial, sans-serif;\u0022\u003E\u003Cb\u003EEspecificaciones t\u00e9cnicas:\u003C\/b\u003E\u003C\/span\u003E\u003C\/p\u003E\u003Cp class=\u0022MsoNormal\u0022 style=\u0022margin: 0cm; font-size: 12pt; font-family: \u0026quot;Times New Roman\u0026quot;, serif; color: rgb(0, 0, 0); line-height: 18.4px;\u0022\u003E\u003Cspan lang=\u0022EN-US\u0022 style=\u0022font-family: Arial, sans-serif;\u0022\u003E\u003Cbr\u003E\u003C\/span\u003E\u003C\/p\u003E\u003Cul\u003E\u003Cli style=\u0022margin: 0cm; font-size: 12pt; font-family: \u0026quot;Times New Roman\u0026quot;, serif; color: rgb(0, 0, 0); line-height: 18.4px;\u0022\u003E\u003Cspan lang=\u0022EN-US\u0022 style=\u0022font-family: Arial, sans-serif;\u0022\u003E450 m2 di\u00e1fanos\u003C\/span\u003E\u003C\/li\u003E\u003Cli style=\u0022margin: 0cm; font-size: 12pt; font-family: \u0026quot;Times New Roman\u0026quot;, serif; color: rgb(0, 0, 0); line-height: 18.4px;\u0022\u003E\u003Cspan lang=\u0022EN-US\u0022 style=\u0022font-family: Arial, sans-serif;\u0022\u003ESalitas para Breakouts\u003C\/span\u003E\u003C\/li\u003E\u003Cli style=\u0022margin: 0cm; font-size: 12pt; font-family: \u0026quot;Times New Roman\u0026quot;, serif; color: rgb(0, 0, 0); line-height: 18.4px;\u0022\u003E\u003Cspan style=\u0022font-family: Arial, sans-serif;\u0022\u003EBa\u00f1os dentro de la sala\u003C\/span\u003E\u003C\/li\u003E\u003Cli style=\u0022margin: 0cm; font-size: 12pt; font-family: \u0026quot;Times New Roman\u0026quot;, serif; color: rgb(0, 0, 0); line-height: 18.4px;\u0022\u003E\u003Cspan style=\u0022font-family: Arial, sans-serif;\u0022\u003EPosibilidad de Blackout\u003C\/span\u003E\u003C\/li\u003E\u003Cli style=\u0022margin: 0cm; font-size: 12pt; font-family: \u0026quot;Times New Roman\u0026quot;, serif; color: rgb(0, 0, 0); line-height: 18.4px;\u0022\u003E\u003Cspan style=\u0022font-family: Arial, sans-serif;\u0022\u003EDoble acceso: Desde Sala Cristal o con entrada privada desde la calle\u003C\/span\u003E\u003C\/li\u003E\u003C\/ul\u003E","createdAt":"2023-01-23 13:57:29","updatedAt":"2024-12-02 16:08:59"},{"language":"ENGLISH","description":"\u003Cp class=\u0022MsoNormal\u0022 style=\u0022margin: 0cm; font-size: 12pt; line-height: 18.4px;\u0022\u003E\u003Cfont face=\u0022Arial\u0022\u003E\u003Cb style=\u0022\u0022\u003E\u003Cfont color=\u0022#000000\u0022 style=\u0022\u0022\u003ESala 25\u003C\/font\u003E\u003C\/b\u003E\u003Cb style=\u0022color: rgb(0, 0, 0);\u0022\u003E\u003Cspan lang=\u0022EN-US\u0022 style=\u0022color: rgb(0, 176, 80);\u0022\u003E\u003Co:p\u003E\u003C\/o:p\u003E\u003C\/span\u003E\u003C\/b\u003E\u003C\/font\u003E\u003C\/p\u003E\u003Cp class=\u0022MsoNormal\u0022 style=\u0022margin: 0cm; font-size: 12pt; color: rgb(0, 0, 0); line-height: 18.4px;\u0022\u003E\u003Cfont face=\u0022Arial\u0022\u003E\u0026nbsp;\u003C\/font\u003E\u003C\/p\u003E\u003Cp class=\u0022MsoNormal\u0022 style=\u0022margin: 0cm; font-size: 12pt; line-height: 18.4px;\u0022\u003E\u003Cspan style=\u0022font-size: 12pt;\u0022\u003E\u003Cspan lang=\u0022EN-US\u0022 style=\u0022\u0022\u003E\u003Cfont color=\u0022#000000\u0022 style=\u0022\u0022 face=\u0022Arial\u0022\u003EThe perfect fusion of technology and design.\u003C\/font\u003E\u003C\/span\u003E\u003C\/span\u003E\u003C\/p\u003E\u003Cp class=\u0022MsoNormal\u0022 style=\u0022margin: 0cm; font-size: 12pt; line-height: 18.4px;\u0022\u003E\u003Cspan lang=\u0022EN-US\u0022 style=\u0022\u0022\u003E\u003Co:p\u003E\u003Cfont color=\u0022#000000\u0022 face=\u0022Arial\u0022\u003E\u003Cbr\u003E\u003C\/font\u003E\u003C\/o:p\u003E\u003C\/span\u003E\u003C\/p\u003E\u003Cp class=\u0022MsoNormal\u0022 style=\u0022margin: 0cm; font-size: 12pt; line-height: 18.4px;\u0022\u003E\u003Cspan lang=\u0022EN-US\u0022 style=\u0022\u0022\u003E\u003Cfont color=\u0022#000000\u0022 face=\u0022Arial\u0022\u003EThis space, unique in its class, is the ideal place for corporate and social events looking for a modern and unique environment.\u003Co:p\u003E\u003C\/o:p\u003E\u003C\/font\u003E\u003C\/span\u003E\u003C\/p\u003E\u003Cp class=\u0022MsoNormal\u0022 style=\u0022margin: 0cm; font-size: 12pt; line-height: 18.4px;\u0022\u003E\u003Cspan lang=\u0022EN-US\u0022 style=\u0022\u0022\u003E\u003Cfont color=\u0022#000000\u0022 face=\u0022Arial\u0022\u003E\u0026nbsp;\u003C\/font\u003E\u003C\/span\u003E\u003C\/p\u003E\u003Cp class=\u0022MsoNormal\u0022 style=\u0022margin: 0cm; font-size: 12pt; line-height: 18.4px;\u0022\u003E\u003Cspan lang=\u0022EN-US\u0022 style=\u0022\u0022\u003E\u003Cfont color=\u0022#000000\u0022 face=\u0022Arial\u0022\u003EFormerly an industrial workshop, it has been meticulously restored to preserve its original essence, while incorporating the most advanced audiovisual systems and creating a technological industrial aesthetic.\u003Co:p\u003E\u003C\/o:p\u003E\u003C\/font\u003E\u003C\/span\u003E\u003C\/p\u003E\u003Cp class=\u0022MsoNormal\u0022 style=\u0022margin: 0cm; font-size: 12pt; line-height: 18.4px;\u0022\u003E\u003Cfont color=\u0022#000000\u0022 face=\u0022Arial\u0022\u003E\u0026nbsp;\u003C\/font\u003E\u003C\/p\u003E\u003Cp class=\u0022MsoNormal\u0022 style=\u0022margin: 0cm; font-size: 12pt; line-height: 18.4px;\u0022\u003E\u003Cspan lang=\u0022EN-US\u0022 style=\u0022\u0022\u003E\u003Cfont color=\u0022#000000\u0022 face=\u0022Arial\u0022\u003EThe exposed architecture, with steel beams and brick walls, is complemented by contemporary finishes, creating a unique and sophisticated environment.\u003Co:p\u003E\u003C\/o:p\u003E\u003C\/font\u003E\u003C\/span\u003E\u003C\/p\u003E\u003Cp class=\u0022MsoNormal\u0022 style=\u0022margin: 0cm; font-size: 12pt; line-height: 18.4px;\u0022\u003E\u003Cfont color=\u0022#000000\u0022\u003E\u003Cb\u003E\u003Cbr\u003E\u003C\/b\u003E\u003C\/font\u003E\u003C\/p\u003E\u003Cp class=\u0022MsoNormal\u0022 style=\u0022margin: 0cm; font-size: 12pt; font-family: \u0026quot;Times New Roman\u0026quot;, serif; line-height: 18.4px;\u0022\u003E\u003Cspan lang=\u0022EN-US\u0022 style=\u0022font-family: Arial, sans-serif;\u0022\u003E\u003Cfont color=\u0022#000000\u0022\u003E\u003Cb\u003EModern AV Systems: \u003C\/b\u003Ecutting-edge audiovisual equipment, including high-resolution LED screens, surround sound systems, and advanced connectivity for live broadcasts and streaming presentations.\u003C\/font\u003E\u003C\/span\u003E\u003C\/p\u003E\u003Cp class=\u0022MsoNormal\u0022 style=\u0022margin: 0cm; font-size: 12pt; font-family: \u0026quot;Times New Roman\u0026quot;, serif; line-height: 18.4px;\u0022\u003E\u003Cspan lang=\u0022EN-US\u0022 style=\u0022font-family: Arial, sans-serif;\u0022\u003E\u003Co:p\u003E\u003Cfont color=\u0022#000000\u0022\u003E\u003Cb\u003E\u003Cbr\u003E\u003C\/b\u003E\u003C\/font\u003E\u003C\/o:p\u003E\u003C\/span\u003E\u003C\/p\u003E\u003Cp class=\u0022MsoNormal\u0022 style=\u0022margin: 0cm; font-size: 12pt; font-family: \u0026quot;Times New Roman\u0026quot;, serif; line-height: 18.4px;\u0022\u003E\u003Cspan lang=\u0022EN-US\u0022 style=\u0022font-family: Arial, sans-serif;\u0022\u003E\u003Cfont color=\u0022#000000\u0022\u003E\u003Cb\u003ECustomizable Lighting:\u003C\/b\u003E smart lighting system that allows adjusting the intensity and color of the lights to match the theme and desired atmosphere for each event.\u003C\/font\u003E\u003C\/span\u003E\u003C\/p\u003E\u003Cp class=\u0022MsoNormal\u0022 style=\u0022margin: 0cm; font-size: 12pt; font-family: \u0026quot;Times New Roman\u0026quot;, serif; line-height: 18.4px;\u0022\u003E\u003Cspan lang=\u0022EN-US\u0022 style=\u0022font-family: Arial, sans-serif;\u0022\u003E\u003Co:p\u003E\u003Cfont color=\u0022#000000\u0022\u003E\u003Cbr\u003E\u003C\/font\u003E\u003C\/o:p\u003E\u003C\/span\u003E\u003C\/p\u003E\u003Cp class=\u0022MsoNormal\u0022 style=\u0022margin: 0cm; font-size: 12pt; font-family: \u0026quot;Times New Roman\u0026quot;, serif; line-height: 18.4px;\u0022\u003E\u003Cfont color=\u0022#000000\u0022\u003E\u003Cspan lang=\u0022EN-US\u0022 style=\u0022font-family: Arial, sans-serif;\u0022\u003E\u003Cb\u003EModular Space: \u003C\/b\u003Eability to divide the area into smaller sections for more intimate events or to create specific zones for different activities within the same event.\u003C\/span\u003E\u003Cspan lang=\u0022EN-US\u0022 style=\u0022font-family: Arial, sans-serif;\u0022\u003E\u003Co:p\u003E\u003C\/o:p\u003E\u003C\/span\u003E\u003C\/font\u003E\u003C\/p\u003E\u003Cp class=\u0022MsoNormal\u0022 style=\u0022margin: 0cm; font-size: 12pt; line-height: 18.4px;\u0022\u003E\u003Cfont color=\u0022#000000\u0022 face=\u0022Arial\u0022\u003E\u003Cbr\u003E\u003C\/font\u003E\u003C\/p\u003E\u003Cp class=\u0022MsoNormal\u0022 style=\u0022margin: 0cm; font-size: 12pt; line-height: 18.4px;\u0022\u003E\u003Cspan style=\u0022font-size: 13px;\u0022\u003E\u003Cfont color=\u0022#000000\u0022 face=\u0022Arial\u0022\u003E\u003Cb\u003ETechnical Specifications:\u003C\/b\u003E\u003C\/font\u003E\u003C\/span\u003E\u003C\/p\u003E\u003Cp class=\u0022MsoNormal\u0022 style=\u0022margin: 0cm; font-size: 12pt; line-height: 18.4px;\u0022\u003E\u003Cspan style=\u0022font-size: 13px;\u0022\u003E\u003Cfont color=\u0022#000000\u0022 face=\u0022Arial\u0022\u003E\u003Cb\u003E\u003Cbr\u003E\u003C\/b\u003E\u003C\/font\u003E\u003C\/span\u003E\u003C\/p\u003E\u003Cul\u003E\u003Cli style=\u0022margin: 0cm; font-size: 12pt; line-height: 18.4px;\u0022\u003E\u003Cspan lang=\u0022EN-US\u0022 style=\u0022\u0022\u003E\u003Cfont color=\u0022#000000\u0022 face=\u0022Arial\u0022\u003E450 m2 open space\u003C\/font\u003E\u003C\/span\u003E\u003C\/li\u003E\u003Cli style=\u0022margin: 0cm; font-size: 12pt; line-height: 18.4px;\u0022\u003E\u003Cspan lang=\u0022EN-US\u0022 style=\u0022\u0022\u003E\u003Cfont color=\u0022#000000\u0022 face=\u0022Arial\u0022\u003EPrivate breakout rooms\u003C\/font\u003E\u003C\/span\u003E\u003C\/li\u003E\u003Cli style=\u0022margin: 0cm; font-size: 12pt; line-height: 18.4px;\u0022\u003E\u003Cfont color=\u0022#000000\u0022 face=\u0022Arial\u0022\u003EBathrooms inside the room\u003C\/font\u003E\u003C\/li\u003E\u003Cli style=\u0022margin: 0cm; font-size: 12pt; line-height: 18.4px;\u0022\u003E\u003Cfont color=\u0022#000000\u0022 face=\u0022Arial\u0022\u003EBlackout capability\u003C\/font\u003E\u003C\/li\u003E\u003Cli style=\u0022margin: 0cm; font-size: 12pt; line-height: 18.4px;\u0022\u003E\u003Cspan lang=\u0022EN-US\u0022 style=\u0022\u0022\u003E\u003Cfont color=\u0022#000000\u0022 face=\u0022Arial\u0022\u003EDouble access:\u003C\/font\u003E\u003C\/span\u003E\u003Cspan lang=\u0022EN-US\u0022 style=\u0022\u0022\u003E\u003Cfont color=\u0022#000000\u0022 style=\u0022\u0022 face=\u0022Arial\u0022\u003E\u0026nbsp;from Sala Cristal or with a private entrance from the street\u003C\/font\u003E\u003Cfont color=\u0022#365f91\u0022 style=\u0022font-family: Arial, sans-serif;\u0022\u003E\u003Co:p\u003E\u003C\/o:p\u003E\u003C\/font\u003E\u003C\/span\u003E\u003C\/li\u003E\u003C\/ul\u003E","createdAt":"2024-12-02 16:08:22","updatedAt":"2024-12-02 16:08:59"}],"loungeDescription":null,"importantDescription":"\u003Cu style=\u0022font-size: small; color: rgb(0, 0, 0); font-family: verdana, sans-serif;\u0022\u003E\u003Cspan class=\u0022gmail_default\u0022\u003E-\u0026nbsp;\u003C\/span\u003ELa\u0026nbsp;\u003C\/u\u003E\u003Cb style=\u0022font-size: small; text-decoration-line: underline; color: rgb(0, 0, 0); font-family: verdana, sans-serif;\u0022\u003E\u003Cu\u003ESALA 25\u003Cspan class=\u0022gmail_default\u0022\u003E\u0026nbsp;(\u0022todo\u0022 incluido) \u003C\/span\u003E\u003C\/u\u003E\u003C\/b\u003E\u003Cspan style=\u0022font-size: small; color: rgb(0, 0, 0); font-family: verdana, sans-serif;\u0022\u003E(dispone de\u0026nbsp;\u003C\/span\u003E\u003Cb style=\u0022font-size: small; color: rgb(0, 0, 0); font-family: verdana, sans-serif;\u0022\u003E450 m2,\u003C\/b\u003E\u003Cspan style=\u0022font-size: small; color: rgb(0, 0, 0); font-family: verdana, sans-serif;\u0022\u003E\u0026nbsp;a\u003C\/span\u003E\u003Cspan style=\u0022font-size: small; color: rgb(0, 0, 0); font-family: verdana, sans-serif;\u0022\u003El final de dossier de Green Patio encontrar\u00e1s fotos de esta sala y en el texto de\u0026nbsp;\u003Cb\u003E\u003Cu\u003EIMPORTANTE\u003C\/u\u003E\u003C\/b\u003E\u0026nbsp;lo que incluye la sala.)\u003C\/span\u003E","importantDescGeneralText":"\u003Cp\u003E\u003Cu\u003E\u003Cb\u003E\u003Cfont #ff0000\u0022\u0022=\u0022\u0022 face=\u0022Verdana\u0022 color=\u0022#ff0000\u0022\u003ELA SALA 25 nace con un nuevo concepto de \u201ctodo incluido:\u201d\u003C\/font\u003E\u003C\/b\u003E\u003C\/u\u003E\u003C\/p\u003E\u003Cul\u003E\u003Cli text-indent:=\u0022\u0022 -18pt;\u0022\u0022=\u0022\u0022\u003E\u003Cfont face=\u0022Verdana\u0022\u003E\u003Cspan font-size:10.0pt;line-height:115%;font-family:symbol;mso-fareast-font-family:=\u0022\u0022 symbol;mso-bidi-font-family:symbol\u0022\u0022=\u0022\u0022\u003E\u003Cspan font-variant-numeric:=\u0022\u0022 normal;=\u0022\u0022 font-variant-east-asian:=\u0022\u0022 font-variant-alternates:=\u0022\u0022 font-size-adjust:=\u0022\u0022 none;=\u0022\u0022 font-kerning:=\u0022\u0022 auto;=\u0022\u0022 font-optical-sizing:=\u0022\u0022 font-feature-settings:=\u0022\u0022 font-variation-settings:=\u0022\u0022 font-variant-position:=\u0022\u0022 font-variant-emoji:=\u0022\u0022 font-stretch:=\u0022\u0022 font-size:=\u0022\u0022 7pt;=\u0022\u0022 line-height:=\u0022\u0022 font-family:=\u0022\u0022 \u0026quot;times=\u0022\u0022 new=\u0022\u0022 roman\u0026quot;;\u0022\u0022=\u0022\u0022\u003E\u0026nbsp;\u003C\/span\u003E\u003C\/span\u003E\u003Cb\u003E\u003Cu\u003E\u003Cspan font-size:10.0pt;line-height:=\u0022\u0022 115%;font-family:\u0026quot;century=\u0022\u0022 gothic\u0026quot;,sans-serif\u0022\u0022=\u0022\u0022\u003EIncluye\u003C\/span\u003E\u003C\/u\u003E\u003C\/b\u003E\u003Cu\u003E\u003Cspan font-size:10.0pt;line-height:115%;font-family:\u0026quot;century=\u0022\u0022 gothic\u0026quot;,sans-serif\u0022\u0022=\u0022\u0022\u003E\u0026nbsp;\u003Cb\u003E150 sillas mixtas\u003C\/b\u003E\u0026nbsp;como parte del mobiliario.\u003C\/span\u003E\u003C\/u\u003E\u003C\/font\u003E\u003C\/li\u003E\u003Cli text-indent:=\u0022\u0022 -18pt;\u0022\u0022=\u0022\u0022\u003E\u003Cfont face=\u0022Verdana\u0022\u003E\u003Cspan font-size:10.0pt;line-height:115%;font-family:symbol;mso-fareast-font-family:=\u0022\u0022 symbol;mso-bidi-font-family:symbol\u0022\u0022=\u0022\u0022\u003E\u003Cspan font-variant-numeric:=\u0022\u0022 normal;=\u0022\u0022 font-variant-east-asian:=\u0022\u0022 font-variant-alternates:=\u0022\u0022 font-size-adjust:=\u0022\u0022 none;=\u0022\u0022 font-kerning:=\u0022\u0022 auto;=\u0022\u0022 font-optical-sizing:=\u0022\u0022 font-feature-settings:=\u0022\u0022 font-variation-settings:=\u0022\u0022 font-variant-position:=\u0022\u0022 font-variant-emoji:=\u0022\u0022 font-stretch:=\u0022\u0022 font-size:=\u0022\u0022 7pt;=\u0022\u0022 line-height:=\u0022\u0022 font-family:=\u0022\u0022 \u0026quot;times=\u0022\u0022 new=\u0022\u0022 roman\u0026quot;;\u0022\u0022=\u0022\u0022\u003E\u0026nbsp;\u003C\/span\u003E\u003C\/span\u003E\u003Cb\u003E\u003Cu\u003E\u003Cspan font-size:10.0pt;line-height:=\u0022\u0022 115%;font-family:\u0026quot;century=\u0022\u0022 gothic\u0026quot;,sans-serif\u0022\u0022=\u0022\u0022\u003EIncluye el siguiente pack audiovisual:\u0026nbsp;\u003C\/span\u003E\u003C\/u\u003E\u003C\/b\u003E\u003Cspan font-size:10.0pt;line-height:=\u0022\u0022 115%;font-family:\u0026quot;century=\u0022\u0022 gothic\u0026quot;,sans-serif\u0022\u0022=\u0022\u0022\u003E\u0026nbsp;pantalla led Samsung de 3,2 x 1,8;\u0026nbsp;mesa de sonido midas de 16 canales; 6 altavoces Yamaha DBC con etapas de potencia; 1 micro de mano inal\u00e1mbrico Sennheiser y una tarima de 6x2 metros (sin moqueta)\u003C\/span\u003E\u003C\/font\u003E\u003C\/li\u003E\u003Cul margin-top:0cm\u0022\u0022=\u0022\u0022 type=\u0022\u0022 circle\u0022\u0022=\u0022\u0022\u003E\u003Cli class=\u0022\u0022 msonormal\u0022\u0022=\u0022\u0022\u003E\u003Cspan font-size:10.0pt;line-height:115%;font-family:\u0026quot;century=\u0022\u0022 gothic\u0026quot;,sans-serif\u0022\u0022=\u0022\u0022\u003E\u003Cfont face=\u0022Verdana\u0022\u003EEste pack de AV no incluye t\u00e9cnicos, dietas, montaje y desmontaje.\u003C\/font\u003E\u003C\/span\u003E\u003C\/li\u003E\u003C\/ul\u003E\u003C\/ul\u003E\u003Cp class=\u0022\u0022 msonormal\u0022\u0022=\u0022\u0022\u003E\u003Cspan style=\u0022white-space-collapse: preserve; font-family: Verdana; color: rgb(0, 0, 0); font-size: 16px;\u0022\u003EEn la pesta\u00f1a superior derecha de \u003C\/span\u003E\u003Cb style=\u0022white-space-collapse: preserve; font-family: Verdana; color: rgb(0, 0, 0); font-size: 16px;\u0022\u003E\u003Cu\u003E\u0022Dossieres\u003C\/u\u003E\u003C\/b\u003E\u003Cspan style=\u0022white-space-collapse: preserve; font-family: Verdana; color: rgb(0, 0, 0); font-size: 16px;\u0022\u003E\u0022 encontrar\u00e1s mas fotos e informaci\u00f3n de los espacios, la oferta de catering y gastronom\u00eda de \u003Cb\u003EHigo \u0026amp; Trigo\u003C\/b\u003E y el rider t\u00e9cnico y precios de\u003Cb\u003E Av Express\u003C\/b\u003E\u003C\/span\u003E\u003C\/p\u003E","importantDescSchedules":"\u003Cp class=\u0022\u0022 msonormal\u0022\u0022=\u0022\u0022\u003E\u003Cfont face=\u0022Verdana\u0022\u003E\u003Cb\u003E\u003Cu\u003E\u003Cspan font-size:=\u0022\u0022 10pt;=\u0022\u0022 line-height:=\u0022\u0022 15.3333px;=\u0022\u0022 font-family:=\u0022\u0022 \u0026quot;century=\u0022\u0022 gothic\u0026quot;,=\u0022\u0022 sans-serif;\u0022\u0022=\u0022\u0022\u003E-\u0026nbsp;\u003C\/span\u003E\u003C\/u\u003E\u003C\/b\u003E\u003Cb\u003E\u003Cu\u003E\u003Cspan font-size:=\u0022\u0022 10pt;=\u0022\u0022 line-height:=\u0022\u0022 15.3333px;=\u0022\u0022 font-family:=\u0022\u0022 arial,=\u0022\u0022 sans-serif;\u0022\u0022=\u0022\u0022\u003E\u200b\u003C\/span\u003E\u003C\/u\u003E\u003C\/b\u003E\u003Cb\u003E\u003Cu\u003E\u003Cspan font-size:=\u0022\u0022 10pt;=\u0022\u0022 line-height:=\u0022\u0022 15.3333px;=\u0022\u0022 font-family:=\u0022\u0022 \u0026quot;century=\u0022\u0022 gothic\u0026quot;,=\u0022\u0022 sans-serif;\u0022\u0022=\u0022\u0022\u003EHorarios:\u003C\/span\u003E\u003C\/u\u003E\u003C\/b\u003E\u003Cspan font-size:=\u0022\u0022 10pt;=\u0022\u0022 line-height:=\u0022\u0022 15.3333px;=\u0022\u0022 font-family:=\u0022\u0022 \u0026quot;century=\u0022\u0022 gothic\u0026quot;,=\u0022\u0022 sans-serif;\u0022\u0022=\u0022\u0022\u003E\u0026nbsp;\u003C\/span\u003E\u003Cspan font-size:=\u0022\u0022 10pt;=\u0022\u0022 line-height:=\u0022\u0022 15.3333px;=\u0022\u0022 font-family:=\u0022\u0022 arial,=\u0022\u0022 sans-serif;\u0022\u0022=\u0022\u0022\u003E\u200b\u003C\/span\u003E\u003Cspan font-size:=\u0022\u0022 10pt;=\u0022\u0022 line-height:=\u0022\u0022 15.3333px;=\u0022\u0022 font-family:=\u0022\u0022 \u0026quot;century=\u0022\u0022 gothic\u0026quot;,=\u0022\u0022 sans-serif;\u0022\u0022=\u0022\u0022\u003ENuestra\u0026nbsp;\u003C\/span\u003E\u003Cb\u003E\u200b\u003C\/b\u003E\u003Cb\u003Ehora de l\u00edmite\u003C\/b\u003E\u003Cspan font-size:=\u0022\u0022 10pt;=\u0022\u0022 line-height:=\u0022\u0022 15.3333px;=\u0022\u0022 font-family:=\u0022\u0022 \u0026quot;century=\u0022\u0022 gothic\u0026quot;,=\u0022\u0022 sans-serif;\u0022\u0022=\u0022\u0022\u003E\u0026nbsp;es hasta las\u0026nbsp;\u003Cb\u003E00:00 horas en Green Patio\u003C\/b\u003E. A\u0026nbsp;dichas horas debemos estar cerrados.\u003Co:p\u003E\u003C\/o:p\u003E\u003C\/span\u003E\u003C\/font\u003E\u003C\/p\u003E\u003Cp class=\u0022\u0022 msonormal\u0022\u0022=\u0022\u0022\u003E\u003Cspan font-size:=\u0022\u0022 10pt;=\u0022\u0022 line-height:=\u0022\u0022 15.3333px;=\u0022\u0022 font-family:=\u0022\u0022 \u0026quot;century=\u0022\u0022 gothic\u0026quot;,=\u0022\u0022 sans-serif;\u0022\u0022=\u0022\u0022\u003E\u003Cfont face=\u0022Verdana\u0022\u003E**A consultar los horarios para los d\u00edas de montaje y desmontaje dependiendo del evento**\u003C\/font\u003E\u003C\/span\u003E\u003C\/p\u003E","importantDescParking":"\u003Cp\u003E\u003Cfont face=\u0022Verdana\u0022\u003E\u003Cb\u003E\u003Cu\u003E\u003Cspan font-size:=\u0022\u0022 10pt;=\u0022\u0022 line-height:=\u0022\u0022 15.3333px;=\u0022\u0022 font-family:=\u0022\u0022 \u0026quot;century=\u0022\u0022 gothic\u0026quot;,=\u0022\u0022 sans-serif;\u0022\u0022=\u0022\u0022\u003E*Para el parking\u003C\/span\u003E\u003C\/u\u003E\u003C\/b\u003E\u003Cspan font-size:=\u0022\u0022 10pt;=\u0022\u0022 line-height:=\u0022\u0022 15.3333px;=\u0022\u0022 font-family:=\u0022\u0022 \u0026quot;century=\u0022\u0022 gothic\u0026quot;,=\u0022\u0022 sans-serif;\u0022\u0022=\u0022\u0022\u003E, disponemos de parking privado en el espacio. Tenemos dos packs:\u0026nbsp;(Ambos cuentan con asistencia para indicar d\u00f3nde aparcar.)\u0026nbsp;\u003C\/span\u003E\u003C\/font\u003E\u003C\/p\u003E\u003Cul type=\u0022\u0022 disc\u0022\u0022=\u0022\u0022 margin-top:=\u0022\u0022 0cm;\u0022\u0022=\u0022\u0022\u003E\u003Cli class=\u0022\u0022 msonormal\u0022\u0022=\u0022\u0022\u003E\u003Cspan font-size:=\u0022\u0022 10pt;=\u0022\u0022 line-height:=\u0022\u0022 15.3333px;=\u0022\u0022 font-family:=\u0022\u0022 \u0026quot;century=\u0022\u0022 gothic\u0026quot;,=\u0022\u0022 sans-serif;\u0022\u0022=\u0022\u0022\u003E\u003Cfont face=\u0022Verdana\u0022\u003EPack de\u0026nbsp;30\u0026nbsp;plazas:\u0026nbsp;1.200\u20ac + IVA\u0026nbsp;por jornada.\u0026nbsp;\u003Co:p\u003E\u003C\/o:p\u003E\u003C\/font\u003E\u003C\/span\u003E\u003C\/li\u003E\u003Cli class=\u0022\u0022 msonormal\u0022\u0022=\u0022\u0022\u003E\u003Cspan font-size:=\u0022\u0022 10pt;=\u0022\u0022 line-height:=\u0022\u0022 15.3333px;=\u0022\u0022 font-family:=\u0022\u0022 \u0026quot;century=\u0022\u0022 gothic\u0026quot;,=\u0022\u0022 sans-serif;\u0022\u0022=\u0022\u0022\u003E\u003Cfont face=\u0022Verdana\u0022\u003EPack de 50 plazas: 1.800\u20ac\u0026nbsp;+ IVA por jornada.\u0026nbsp;\u003Co:p\u003E\u003C\/o:p\u003E\u003C\/font\u003E\u003C\/span\u003E\u003C\/li\u003E\u003C\/ul\u003E\u003Cp class=\u0022\u0022 msonormal\u0022\u0022=\u0022\u0022\u003E\u003Cspan font-size:=\u0022\u0022 10pt;=\u0022\u0022 line-height:=\u0022\u0022 15.3333px;=\u0022\u0022 font-family:=\u0022\u0022 \u0026quot;century=\u0022\u0022 gothic\u0026quot;,=\u0022\u0022 sans-serif;\u0022\u0022=\u0022\u0022\u003E\u003Cfont face=\u0022Verdana\u0022\u003EAdem\u00e1s, tenemos convenio con el parking de General Per\u00f3n 21, quien\u0026nbsp;nos deja un 20% de descuento. Contacto del parking para la confirmaci\u00f3n del 20% de descuento y consultar disponibilidad de plazas: +34 686 39 49 54\u0026nbsp;\u003C\/font\u003E\u003C\/span\u003E\u003C\/p\u003E","showAudiovisualPrice":true,"showAudiovisualPackage":true,"pictures":[{"id":14,"title":"Blueprint","imageLarge":"large-ed107f23f07b0f5efe800a5c3760788f.jpeg","imageMedium":"medium-ed107f23f07b0f5efe800a5c3760788f.jpeg","imageSmall":"small-ed107f23f07b0f5efe800a5c3760788f.jpeg","createdAt":"2023-01-20 13:19:41","updatedAt":"2023-01-20 13:19:41"},{"id":49,"title":null,"imageLarge":"large-9025490df9b49722dd6ba7a913d3f917.jpeg","imageMedium":"medium-9025490df9b49722dd6ba7a913d3f917.jpeg","imageSmall":"small-9025490df9b49722dd6ba7a913d3f917.jpeg","createdAt":"2023-01-23 14:54:50","updatedAt":"2023-01-23 14:54:50"},{"id":50,"title":null,"imageLarge":"large-17b3509f8877e228f8f6647617e464e5.jpeg","imageMedium":"medium-17b3509f8877e228f8f6647617e464e5.jpeg","imageSmall":"small-17b3509f8877e228f8f6647617e464e5.jpeg","createdAt":"2023-01-23 14:54:51","updatedAt":"2023-01-23 14:54:51"},{"id":51,"title":null,"imageLarge":"large-a2ea6ac33c6945f22e453f4e78a5dbbc.jpeg","imageMedium":"medium-a2ea6ac33c6945f22e453f4e78a5dbbc.jpeg","imageSmall":"small-a2ea6ac33c6945f22e453f4e78a5dbbc.jpeg","createdAt":"2023-01-23 14:54:52","updatedAt":"2023-01-23 14:54:52"},{"id":52,"title":null,"imageLarge":"large-fb751f391e51b3558bc98c995ae39f61.jpeg","imageMedium":"medium-fb751f391e51b3558bc98c995ae39f61.jpeg","imageSmall":"small-fb751f391e51b3558bc98c995ae39f61.jpeg","createdAt":"2023-01-23 14:54:53","updatedAt":"2023-01-23 14:54:53"},{"id":53,"title":null,"imageLarge":"large-4229aac78a249c09fa07726475f6904c.jpeg","imageMedium":"medium-4229aac78a249c09fa07726475f6904c.jpeg","imageSmall":"small-4229aac78a249c09fa07726475f6904c.jpeg","createdAt":"2023-01-23 14:56:03","updatedAt":"2023-01-23 14:56:03"}],"comboDetails":[],"loungeDetails":{"id":19,"name":"Sala 25","meters":"450","length":"29","width":"14","height":"3","capSchool":"200","capTheater":"350","capCocktail":"350","capBanquet":"250","capImperial":"250","rankLounge":46,"createdAt":"2022-10-13 13:54:51","updatedAt":"2025-09-23 07:34:49"},"totalPrice":4840,"avPackages":[{"id":28,"name":"Paquete - Sala 25","description":"2026 \/ 06 - Sala 25","totalPrice":1600,"isFeatured":false,"lounges":[{"id":19,"name":"Sala 25"},{"id":20,"name":"Combo 4 Sala 25 + Sala de Cristal"},{"id":33,"name":"Combo 5 Sala 25 + Sala de Cristal + Lima Rooms"},{"id":34,"name":"Combo 6 Sala 25 + Lima Rooms"}],"items":[{"id":359,"productName":"Extender HDMI 4K","productId":80,"percProductPrice":9.3827160493827,"servicePrice":"38","priceWithoutPack":38,"rankAvPack":2,"description":null,"date":"17\/10\/2026","isChecked":false,"quantity":0},{"id":357,"productName":"PC para video","productId":8,"percProductPrice":20.246913580247,"servicePrice":"82","priceWithoutPack":82,"rankAvPack":3,"description":null,"date":"17\/10\/2026","isChecked":false,"quantity":0},{"id":358,"productName":"Microcue","productId":9,"percProductPrice":10.864197530864,"servicePrice":"44.00","priceWithoutPack":44,"rankAvPack":4,"description":null,"date":"17\/10\/2026","isChecked":false,"quantity":0},{"id":363,"productName":"Altavoces Yamaha DBC + Etapa de potencia","productId":329,"percProductPrice":0,"servicePrice":"0","priceWithoutPack":0,"rankAvPack":5,"description":"Altavoces Yamaha DBC + Etapa de potencia","date":"17\/10\/2026","isChecked":false,"quantity":0},{"id":360,"productName":"Mesa sonido Soundcraft SC SI Impact 32 canales","productId":25,"percProductPrice":43.456790123457,"servicePrice":"176.00","priceWithoutPack":176,"rankAvPack":6,"description":null,"date":"17\/10\/2026","isChecked":false,"quantity":0},{"id":361,"productName":"Microfono inalambrico de mano Sennheiser","productId":26,"percProductPrice":16.049382716049,"servicePrice":"65","priceWithoutPack":65,"rankAvPack":7,"description":null,"date":"17\/10\/2026","isChecked":false,"quantity":0},{"id":362,"productName":"10 Focos leds RGB inlcuido la sala","productId":73,"percProductPrice":0,"servicePrice":"0.00","priceWithoutPack":0,"rankAvPack":8,"description":null,"date":"17\/10\/2026","isChecked":false,"quantity":0},{"id":364,"productName":"Tarima m\u00f3dulos de 6x2 (no incluye moqueta)","productId":330,"percProductPrice":0,"servicePrice":"0","priceWithoutPack":0,"rankAvPack":9,"description":"\u003Cdiv class=\u0022content-inner\u0022 dir=\u0022auto\u0022 style=\u0022min-width: 0px; color: rgb(0, 0, 0); font-family: Roboto, -apple-system, BlinkMacSystemFont, \u0026quot;Apple Color Emoji\u0026quot;, \u0026quot;Segoe UI\u0026quot;, Oxygen, Ubuntu, Cantarell, \u0026quot;Fira Sans\u0026quot;, \u0026quot;Droid Sans\u0026quot;, \u0026quot;Helvetica Neue\u0026quot;, sans-serif; font-size: 16px;\u0022\u003E\u003Cdiv class=\u0022text-content clearfix with-meta\u0022 dir=\u0022auto\u0022 style=\u0022position: relative; unicode-bidi: plaintext; margin: 0px; border-radius: 0.25rem; line-height: 1.3125; text-align: initial; overflow-wrap: anywhere; white-space: pre-wrap; overflow: clip; overflow-clip-margin: 0.5rem;\u0022\u003ETarima m\u00f3dulos de 6x2 (no incluye moqueta)\u003Cspan class=\u0022MessageMeta\u0022 dir=\u0022ltr\u0022 data-ignore-on-paste=\u0022true\u0022 style=\u0022cursor: pointer; user-select: none; position: relative; right: 0px; display: flex; align-items: center; height: 20px; padding: 0px 0.25rem; border-radius: 0.625rem; line-height: 1.35; color: rgba(104, 108, 114, 0.75); background: none; top: 0.375rem; float: right; margin-right: -0.375rem; margin-left: 0.4375rem; bottom: auto !important;\u0022\u003E\u003Cspan class=\u0022message-time\u0022 style=\u0022font-size: 0.75rem; white-space: nowrap; margin-right: 0.25rem;\u0022\u003E\u003C\/span\u003E\u003C\/span\u003E\u003C\/div\u003E\u003C\/div\u003E\u003Cdiv class=\u0022message-action-buttons-container\u0022 style=\u0022position: absolute; bottom: 0px; display: flex; flex-direction: column; justify-content: space-between; height: 32px; right: -3rem; color: rgb(0, 0, 0); font-family: Roboto, -apple-system, BlinkMacSystemFont, \u0026quot;Apple Color Emoji\u0026quot;, \u0026quot;Segoe UI\u0026quot;, Oxygen, Ubuntu, Cantarell, \u0026quot;Fira Sans\u0026quot;, \u0026quot;Droid Sans\u0026quot;, \u0026quot;Helvetica Neue\u0026quot;, sans-serif; font-size: 16px;\u0022\u003E\u003C\/div\u003E","date":"17\/10\/2026","isChecked":false,"quantity":0}],"date":"17\/10\/2026","isChecked":false,"quantity":0},{"id":33,"name":"Paquetes recomendados","description":null,"totalPrice":880,"isFeatured":true,"lounges":[{"id":19,"name":"Sala 25"},{"id":20,"name":"Combo 4 Sala 25 + Sala de Cristal"},{"id":22,"name":"Sala White 1"},{"id":23,"name":"Sala White 2"},{"id":24,"name":"Sala White en exclusiva"},{"id":25,"name":"Sala Black"},{"id":33,"name":"Combo 5 Sala 25 + Sala de Cristal + Lima Rooms"},{"id":34,"name":"Combo 6 Sala 25 + Lima Rooms"},{"id":47,"name":"Combo 10 Sala White + Sala Black"}],"items":[{"id":393,"productName":"Moqueta Plenaria","productId":162,"percProductPrice":38.038352719271,"servicePrice":"605","priceWithoutPack":605,"rankAvPack":0,"description":null,"date":"17\/10\/2026","isChecked":false,"quantity":0},{"id":396,"productName":"\u0022Micr\u00f3fono Cuello De Cisne Sennheiser Mzh 3042 Con C\u00e1psula Me 36 (Para Atril)\u0022","productId":120,"percProductPrice":2.4206224457718,"servicePrice":"38.50","priceWithoutPack":38.5,"rankAvPack":1,"description":null,"date":"17\/10\/2026","isChecked":false,"quantity":0},{"id":400,"productName":"Micr\u00f3fono inal\u00e1mbrico de diadema DPA","productId":28,"percProductPrice":4.715498270984,"servicePrice":"75","priceWithoutPack":75,"rankAvPack":1,"description":null,"date":"17\/10\/2026","isChecked":false,"quantity":0},{"id":401,"productName":"Micr\u00f3fono inal\u00e1mbrico de solapa Sennheiser","productId":27,"percProductPrice":4.1496384784659,"servicePrice":"66.00","priceWithoutPack":66,"rankAvPack":1,"description":null,"date":"17\/10\/2026","isChecked":false,"quantity":0},{"id":404,"productName":"Monitor apoyo 65\u201d .25","productId":352,"percProductPrice":6.9160641307765,"servicePrice":"110","priceWithoutPack":110,"rankAvPack":1,"description":null,"date":"17\/10\/2026","isChecked":false,"quantity":0},{"id":405,"productName":"Pantalla 50\u0022 de referencia con soporte (cu\u00f1a) .25","productId":351,"percProductPrice":3.7723986167872,"servicePrice":"60","priceWithoutPack":60,"rankAvPack":1,"description":null,"date":"17\/10\/2026","isChecked":false,"quantity":0},{"id":406,"productName":"Pc video .25","productId":346,"percProductPrice":3.4580320653882,"servicePrice":"55","priceWithoutPack":55,"rankAvPack":1,"description":null,"date":"17\/10\/2026","isChecked":false,"quantity":0},{"id":407,"productName":"Altavoces auto-amplificados YAMAHA DXR 8 1110w .25","productId":350,"percProductPrice":1.760452687834,"servicePrice":"28","priceWithoutPack":28,"rankAvPack":1,"description":null,"date":"17\/10\/2026","isChecked":false,"quantity":0},{"id":409,"productName":"Micro diadema Sennheiser .25","productId":348,"percProductPrice":3.4580320653882,"servicePrice":"55","priceWithoutPack":55,"rankAvPack":1,"description":null,"date":"17\/10\/2026","isChecked":false,"quantity":0},{"id":410,"productName":"Foco fressnel + tr\u00edpode .25","productId":347,"percProductPrice":3.4580320653882,"servicePrice":"55","priceWithoutPack":55,"rankAvPack":1,"description":null,"date":"17\/10\/2026","isChecked":false,"quantity":0},{"id":411,"productName":"Foco Par led 36x3w .25","productId":353,"percProductPrice":1.760452687834,"servicePrice":"28","priceWithoutPack":28,"rankAvPack":1,"description":null,"date":"17\/10\/2026","isChecked":false,"quantity":0},{"id":412,"productName":"T\u00e9cnico audiovisual (no es comisionable e incluye dieta) .25","productId":354,"percProductPrice":22.005658597925,"servicePrice":"350","priceWithoutPack":350,"rankAvPack":1,"description":null,"date":"17\/10\/2026","isChecked":false,"quantity":0},{"id":421,"productName":"Microfono inalambrico de mano Sennheiser","productId":26,"percProductPrice":4.0867651681861,"servicePrice":"65","priceWithoutPack":65,"rankAvPack":1,"description":null,"date":"17\/10\/2026","isChecked":false,"quantity":0}],"date":"17\/10\/2026","isChecked":false,"quantity":0}],"loungeServices":[]}],"3":[{"id":31944,"loungeId":24,"loungeName":"Sala White en exclusiva","type":null,"rankQuote":3,"dateStart":"2026-10-17 00:00:00","dateEnd":"2026-10-17 23:59:00","pax":40,"price":"4000","loungeIva":840,"combo":null,"isCombo":0,"descriptions":[{"language":"CASTELLANO","description":"\u003Cp\u003E\u003Cspan style=\u0022color: black; font-size: 11pt; font-family: Arial, sans-serif;\u0022\u003E\u003Cb\u003ELa Sala White\u003C\/b\u003E es un espacio donde la claridad y la sofisticaci\u00f3n se encuentran. Este sal\u00f3n, ba\u00f1ado en luz natural, es ideal para eventos que requieren una atm\u00f3sfera de frescura y distinci\u00f3n. Con una decoraci\u00f3n en tonos blancos y detalles naturales, la Sala White evoca una sensaci\u00f3n de pureza y amplitud.\u003C\/span\u003E\u003C\/p\u003E\u003Cp class=\u0022MsoNormal\u0022 style=\u0022margin: 12pt 0cm; font-size: 12pt; font-family: \u0026quot;Times New Roman\u0026quot;, serif; color: rgb(0, 0, 0);\u0022\u003E\u003Cspan style=\u0022font-size: 11pt; font-family: Arial, sans-serif;\u0022\u003E\u003Cb\u003ECaracter\u00edsticas \u00danicas:\u003C\/b\u003E\u003C\/span\u003E\u003C\/p\u003E\u003Cul\u003E\u003Cli style=\u0022margin: 12pt 0cm; font-size: 12pt; font-family: \u0026quot;Times New Roman\u0026quot;, serif; color: rgb(0, 0, 0);\u0022\u003E\u003Cspan style=\u0022font-size: 11pt; font-family: Arial, sans-serif;\u0022\u003EIluminaci\u00f3n Natural: grandes ventanales que permiten la entrada de luz natural, creando un ambiente luminoso y acogedor.\u003C\/span\u003E\u003C\/li\u003E\u003Cli style=\u0022margin: 12pt 0cm; font-size: 12pt; font-family: \u0026quot;Times New Roman\u0026quot;, serif; color: rgb(0, 0, 0);\u0022\u003E\u003Cspan style=\u0022font-size: 11pt; font-family: Arial, sans-serif;\u0022\u003ECapacidad y Versatilidad: perfecta para reuniones de negocio, presentaciones de productos y c\u00f3cteles exclusivos, con capacidad para hasta 170 personas.\u003C\/span\u003E\u003C\/li\u003E\u003Cli style=\u0022margin: 12pt 0cm; font-size: 12pt; font-family: \u0026quot;Times New Roman\u0026quot;, serif; color: rgb(0, 0, 0);\u0022\u003E\u003Cspan style=\u0022font-size: 11pt; font-family: Arial, sans-serif;\u0022\u003ETecnolog\u00eda de Vanguardia: equipos audiovisuales de \u00faltima generaci\u00f3n, incluyendo pantallas HD, sistemas de sonido envolvente y conexi\u00f3n Wi-Fi de alta velocidad.\u003C\/span\u003E\u003C\/li\u003E\u003Cli style=\u0022margin: 12pt 0cm; font-size: 12pt; font-family: \u0026quot;Times New Roman\u0026quot;, serif;\u0022\u003E\u003Cspan style=\u0022font-family: Arial, sans-serif; font-size: 11pt;\u0022\u003E\u003Cfont color=\u0022#000000\u0022\u003EAmbiente Exclusivo: un espacio que destaca por su refinamiento y su capacidad para adaptarse a las necesidades espec\u00edficas de cada evento, garantizando un entorno de prestigio y singularidad.\u003C\/font\u003E\u003C\/span\u003E\u003C\/li\u003E\u003C\/ul\u003E\u003Cp style=\u0022margin: 12pt 0cm; font-size: 12pt; font-family: \u0026quot;Times New Roman\u0026quot;, serif;\u0022\u003E\u003Cspan style=\u0022font-family: Arial, sans-serif; font-size: 11pt;\u0022\u003E\u003Cb\u003E\u003Cfont color=\u0022#000000\u0022\u003ETechnical Specifications:\u003C\/font\u003E\u003C\/b\u003E\u003C\/span\u003E\u003C\/p\u003E\u003Cul\u003E\u003Cli style=\u0022margin: 12pt 0cm; font-size: 12pt; font-family: \u0026quot;Times New Roman\u0026quot;, serif;\u0022\u003E\u003Cspan style=\u0022font-size: 12pt;\u0022\u003E\u003Cspan style=\u0022font-family: Arial, sans-serif;\u0022\u003E\u003Cfont color=\u0022#000000\u0022 style=\u0022\u0022\u003E1.000 m2\u003C\/font\u003E\u003C\/span\u003E\u003C\/span\u003E\u003C\/li\u003E\u003Cli style=\u0022margin: 12pt 0cm; font-size: 12pt; font-family: \u0026quot;Times New Roman\u0026quot;, serif;\u0022\u003E\u003Cfont color=\u0022#000000\u0022\u003E\u003Cspan style=\u0022font-size: 12pt;\u0022\u003E\u003Cspan style=\u0022font-family: Arial, sans-serif;\u0022\u003E4.77 \u003C\/span\u003E\u003C\/span\u003E\u003Cspan style=\u0022font-size: 12pt;\u0022\u003E\u003Cspan style=\u0022font-family: Arial, sans-serif;\u0022\u003Emetros de altura\u003C\/span\u003E\u003C\/span\u003E\u003C\/font\u003E\u003C\/li\u003E\u003Cli style=\u0022margin: 12pt 0cm; font-size: 12pt; font-family: \u0026quot;Times New Roman\u0026quot;, serif;\u0022\u003E\u003Cspan style=\u0022font-size: 12pt;\u0022\u003E\u003Cspan style=\u0022font-family: Arial, sans-serif;\u0022\u003E\u003Cfont color=\u0022#000000\u0022\u003E5 Breakouts\u003C\/font\u003E\u003C\/span\u003E\u003C\/span\u003E\u003C\/li\u003E\u003Cli style=\u0022margin: 12pt 0cm; font-size: 12pt; font-family: \u0026quot;Times New Roman\u0026quot;, serif;\u0022\u003E\u003Cspan style=\u0022font-size: 12pt;\u0022\u003E\u003Cspan style=\u0022font-family: Arial, sans-serif;\u0022\u003E\u003Cfont color=\u0022#000000\u0022 style=\u0022\u0022\u003E170 pax en cualquier formato\u003C\/font\u003E\u003C\/span\u003E\u003C\/span\u003E\u003C\/li\u003E\u003C\/ul\u003E","createdAt":"2024-12-02 16:15:01","updatedAt":"2024-12-02 16:15:01"},{"language":"ENGLISH","description":"\u003Cp class=\u0022MsoNormal\u0022 style=\u0022margin: 12pt 0cm; font-size: 12pt;\u0022\u003E\u003Cspan lang=\u0022EN-US\u0022 style=\u0022font-size: 11pt;\u0022\u003E\u003Cfont face=\u0022Arial\u0022 style=\u0022\u0022 color=\u0022#000000\u0022\u003E\u003Cb\u003ESala White\u003C\/b\u003E is a space where clarity and sophistication meet. This hall, bathed in natural light, is ideal for events that require an atmosphere of freshness and distinction. With decor in white tones and natural details, Sala White evokes a sense of purity and spaciousness.\u003C\/font\u003E\u003C\/span\u003E\u003C\/p\u003E\u003Cp class=\u0022MsoNormal\u0022 style=\u0022margin: 12pt 0cm; font-size: 12pt;\u0022\u003E\u003Cfont face=\u0022Arial\u0022 color=\u0022#000000\u0022\u003E\u003Cspan style=\u0022font-size: medium;\u0022\u003E\u003Cspan style=\u0022font-size: 11pt;\u0022\u003E\u003Cb\u003EUnique Features:\u003C\/b\u003E\u003C\/span\u003E\u003C\/span\u003E\u003Cspan style=\u0022font-size: medium;\u0022\u003E\u003C\/span\u003E\u003Cspan lang=\u0022EN-US\u0022 style=\u0022font-size: 11pt;\u0022\u003E\u003Co:p\u003E\u003C\/o:p\u003E\u003C\/span\u003E\u003C\/font\u003E\u003C\/p\u003E\u003Cp class=\u0022MsoNormal\u0022 style=\u0022margin: 12pt 0cm; font-size: 12pt;\u0022\u003E\u003Cspan lang=\u0022EN-US\u0022 style=\u0022font-size: 11pt;\u0022\u003E\u003Cfont face=\u0022Arial\u0022 color=\u0022#000000\u0022\u003E\u003Cb\u003ENatural Lighting: \u003C\/b\u003Elarge windows that allow natural light to enter, creating a bright and welcoming atmosphere.\u003C\/font\u003E\u003C\/span\u003E\u003C\/p\u003E\u003Cp class=\u0022MsoNormal\u0022 style=\u0022margin: 12pt 0cm; font-size: 12pt;\u0022\u003E\u003Cspan lang=\u0022EN-US\u0022 style=\u0022font-size: 11pt;\u0022\u003E\u003Cfont face=\u0022Arial\u0022 color=\u0022#000000\u0022\u003E\u003Cb\u003ECapacity and Versatility: \u003C\/b\u003Eperfect for business meetings, product presentations, and exclusive cocktails, with a capacity for up to 170 people.\u003C\/font\u003E\u003C\/span\u003E\u003C\/p\u003E\u003Cp class=\u0022MsoNormal\u0022 style=\u0022margin: 12pt 0cm; font-size: 12pt;\u0022\u003E\u003Cspan lang=\u0022EN-US\u0022 style=\u0022font-size: 11pt;\u0022\u003E\u003Cfont face=\u0022Arial\u0022 color=\u0022#000000\u0022\u003E\u003Cb\u003EState-of-the-art Technology: \u003C\/b\u003Ecutting-edge audiovisual equipment, including HD screens, surround sound systems, and high-speed Wi-Fi.\u003C\/font\u003E\u003C\/span\u003E\u003C\/p\u003E\u003Cp class=\u0022MsoNormal\u0022 style=\u0022margin: 12pt 0cm; font-size: 12pt;\u0022\u003E\u003Cfont face=\u0022Arial\u0022 color=\u0022#000000\u0022\u003E\u003Cspan lang=\u0022EN-US\u0022 style=\u0022font-size: 11pt;\u0022\u003E\u003Cb\u003EExclusive Atmosphere: \u003C\/b\u003Ea space that stands out for its refinement and its ability to adapt to the specific needs of each event, guaranteeing an environment of prestige and uniqueness.\u003C\/span\u003E\u003Cspan lang=\u0022EN-US\u0022 style=\u0022\u0022\u003E\u003Co:p\u003E\u003C\/o:p\u003E\u003C\/span\u003E\u003C\/font\u003E\u003C\/p\u003E\u003Cp class=\u0022MsoNormal\u0022 style=\u0022margin: 12pt 0cm; font-size: 12pt;\u0022\u003E\u003Cfont face=\u0022Arial\u0022 color=\u0022#000000\u0022\u003E\u003Cb\u003ETechnical Specifications:\u003C\/b\u003E\u003C\/font\u003E\u003C\/p\u003E\u003Cul\u003E\u003Cli style=\u0022margin: 0cm; font-size: 12pt; line-height: 18.4px;\u0022\u003E\u003Cfont face=\u0022Arial\u0022 color=\u0022#000000\u0022\u003E1.000 m2\u003C\/font\u003E\u003C\/li\u003E\u003Cli style=\u0022margin: 0cm; font-size: 12pt; line-height: 18.4px;\u0022\u003E\u003Cfont face=\u0022Arial\u0022 color=\u0022#000000\u0022\u003E4.77 meters high\u003C\/font\u003E\u003C\/li\u003E\u003Cli style=\u0022margin: 0cm; font-size: 12pt; line-height: 18.4px;\u0022\u003E\u003Cfont face=\u0022Arial\u0022 color=\u0022#000000\u0022\u003E5 Breakouts\u003C\/font\u003E\u003C\/li\u003E\u003Cli style=\u0022margin: 0cm; font-size: 12pt; line-height: 18.4px;\u0022\u003E\u003Cfont face=\u0022Arial\u0022 style=\u0022\u0022 color=\u0022#000000\u0022\u003E170 pax en cualquier formato\u003C\/font\u003E\u003Cfont face=\u0022Arial, sans-serif\u0022 style=\u0022font-weight: bold; color: rgb(54, 95, 145);\u0022\u003E\u003Co:p\u003E\u003C\/o:p\u003E\u003C\/font\u003E\u003C\/li\u003E\u003C\/ul\u003E","createdAt":"2024-12-02 16:17:02","updatedAt":"2024-12-02 16:17:02"}],"loungeDescription":null,"importantDescription":"\u003Cblockquote style=\u0022color: rgb(34, 34, 34); font-family: Arial, Helvetica, sans-serif; font-size: small; margin-left: 40px; border: none; padding: 0px;\u0022\u003E\u003Cdiv class=\u0022gmail_default\u0022 style=\u0022font-family: verdana, sans-serif;\u0022\u003E\u003Cdiv class=\u0022gmail_quote\u0022 style=\u0022font-family: Arial, Helvetica, sans-serif;\u0022\u003E\u003Cdiv dir=\u0022ltr\u0022\u003E\u003Cdiv class=\u0022gmail_quote\u0022\u003E\u003Cdiv dir=\u0022ltr\u0022\u003E\u003Cdiv class=\u0022gmail_quote\u0022\u003E\u003Cdiv dir=\u0022ltr\u0022\u003E\u003Cdiv class=\u0022gmail_quote\u0022\u003E\u003Cdiv dir=\u0022ltr\u0022\u003E\u003Cdiv class=\u0022gmail_quote\u0022\u003E\u003Cdiv dir=\u0022ltr\u0022\u003E\u003Cdiv class=\u0022gmail_quote\u0022\u003E\u003Cdiv dir=\u0022ltr\u0022\u003E\u003Cdiv class=\u0022gmail_quote\u0022\u003E\u003Cdiv dir=\u0022ltr\u0022\u003E\u003Cdiv class=\u0022gmail_quote\u0022\u003E\u003Cdiv dir=\u0022ltr\u0022\u003E\u003Cp class=\u0022MsoNormal\u0022 style=\u0022margin: 0cm; line-height: normal; background-image: initial; background-position: initial; background-size: initial; background-repeat: initial; background-origin: initial; background-clip: initial;\u0022\u003E\u003Ci\u003E\u003Cb\u003E\u003Cu\u003E\u003Cfont face=\u0022verdana, sans-serif\u0022\u003E\u003Cspan class=\u0022gmail_default\u0022\u003EL\u003C\/span\u003EA\u0026nbsp;\u003Ca href=\u0022https:\/\/greenpatio.es\/covarrubias-the-one.html\u0022 target=\u0022_blank\u0022 data-saferedirecturl=\u0022https:\/\/www.google.com\/url?q=https:\/\/greenpatio.es\/covarrubias-the-one.html\u0026amp;source=gmail\u0026amp;ust=1739034546398000\u0026amp;usg=AOvVaw2_nnnVF-FPXO1Wg64CWWHX\u0022 style=\u0022color: rgb(17, 85, 204);\u0022\u003EPLANTA\u003C\/a\u003E\u003Ca href=\u0022https:\/\/greenpatio.es\/covarrubias-the-one.html\u0022 target=\u0022_blank\u0022 data-saferedirecturl=\u0022https:\/\/www.google.com\/url?q=https:\/\/greenpatio.es\/covarrubias-the-one.html\u0026amp;source=gmail\u0026amp;ust=1739034546398000\u0026amp;usg=AOvVaw2_nnnVF-FPXO1Wg64CWWHX\u0022 style=\u0022color: rgb(17, 85, 204);\u0022\u003E\u0026nbsp;WHITE\u003C\/a\u003E\u0026nbsp;dispone de 1.000 m2:\u003C\/font\u003E\u003C\/u\u003E\u003C\/b\u003E\u003C\/i\u003E\u003C\/p\u003E\u003C\/div\u003E\u003C\/div\u003E\u003C\/div\u003E\u003C\/div\u003E\u003C\/div\u003E\u003C\/div\u003E\u003C\/div\u003E\u003C\/div\u003E\u003C\/div\u003E\u003C\/div\u003E\u003C\/div\u003E\u003C\/div\u003E\u003C\/div\u003E\u003C\/div\u003E\u003C\/div\u003E\u003C\/div\u003E\u003C\/div\u003E\u003C\/blockquote\u003E\u003Cdiv style=\u0022color: rgb(34, 34, 34); font-family: Arial, Helvetica, sans-serif; font-size: small;\u0022\u003E\u003Cdiv class=\u0022gmail_default\u0022 style=\u0022font-family: verdana, sans-serif;\u0022\u003E\u003Cdiv class=\u0022gmail_quote\u0022 style=\u0022font-family: Arial, Helvetica, sans-serif;\u0022\u003E\u003Cdiv dir=\u0022ltr\u0022\u003E\u003Cdiv class=\u0022gmail_quote\u0022\u003E\u003Cdiv dir=\u0022ltr\u0022\u003E\u003Cdiv class=\u0022gmail_quote\u0022\u003E\u003Cdiv dir=\u0022ltr\u0022\u003E\u003Cdiv class=\u0022gmail_quote\u0022\u003E\u003Cdiv dir=\u0022ltr\u0022\u003E\u003Cdiv class=\u0022gmail_quote\u0022\u003E\u003Cdiv dir=\u0022ltr\u0022\u003E\u003Cdiv class=\u0022gmail_quote\u0022\u003E\u003Cdiv dir=\u0022ltr\u0022\u003E\u003Cdiv class=\u0022gmail_quote\u0022\u003E\u003Cdiv dir=\u0022ltr\u0022\u003E\u003Cdiv class=\u0022gmail_quote\u0022\u003E\u003Cdiv dir=\u0022ltr\u0022\u003E\u003Cul\u003E\u003Cli style=\u0022margin-left: 15px;\u0022\u003E\u003Cfont face=\u0022verdana, sans-serif\u0022\u003E\u003Cspan style=\u0022color: black;\u0022\u003EEsta planta entera se vende en exclusiva, por lo que tendr\u00e1s toda la planta White a tu disposici\u00f3n (ver planos).\u003C\/span\u003E\u003C\/font\u003E\u003C\/li\u003E\u003C\/ul\u003E\u003C\/div\u003E\u003C\/div\u003E\u003C\/div\u003E\u003C\/div\u003E\u003C\/div\u003E\u003C\/div\u003E\u003C\/div\u003E\u003C\/div\u003E\u003C\/div\u003E\u003C\/div\u003E\u003C\/div\u003E\u003C\/div\u003E\u003C\/div\u003E\u003C\/div\u003E\u003C\/div\u003E\u003C\/div\u003E\u003C\/div\u003E\u003C\/div\u003E","importantDescGeneralText":"\u003Cdiv style=\u0022color: rgb(34, 34, 34); font-family: Arial, Helvetica, sans-serif; font-size: small;\u0022\u003E\u003Cdiv class=\u0022gmail_default\u0022\u003E\u003Cbr\u003E\u003C\/div\u003E\u003Cul style=\u0022color: rgb(51, 51, 51);\u0022\u003E\u003Cli\u003E\u003Cfont face=\u0022verdana, sans-serif\u0022\u003E\u003Cb\u003E\u003Ci\u003E\u003Cu\u003E\u003Cspan style=\u0022line-height: 15.3333px;\u0022\u003EAdem\u00e1s, en esta sala ten\u00e9is INCLUIDO el siguiente\u003Cfont color=\u0022#ff0000\u0022\u003E\u0026nbsp;pack audiovisual:\u003C\/font\u003E\u003C\/span\u003E\u003C\/u\u003E\u003C\/i\u003E\u003C\/b\u003E\u003C\/font\u003E\u003C\/li\u003E\u003Cul\u003E\u003Cli\u003E\u003Cfont face=\u0022verdana, sans-serif\u0022\u003EPantalla led Samsung de 3,2 x 1,8\u003Cspan class=\u0022gmail_default\u0022\u003E\u200b\u003C\/span\u003E\u003C\/font\u003E\u003C\/li\u003E\u003Cli\u003E\u003Cfont face=\u0022verdana, sans-serif\u0022\u003EMesa de sonido\u0026nbsp;\u003C\/font\u003E\u003C\/li\u003E\u003Cli\u003E\u003Cfont face=\u0022verdana, sans-serif\u0022\u003E6 altavoces Yamaha DBC con etapas de potencia\u003C\/font\u003E\u003C\/li\u003E\u003Cli\u003E\u003Cfont face=\u0022verdana, sans-serif\u0022\u003E1 micro de mano inal\u00e1mbrico Sennheiser\u003C\/font\u003E\u003C\/li\u003E\u003Cli\u003E\u003Cfont face=\u0022verdana, sans-serif\u0022\u003Etarima de 5x2 metros (sin moqueta)\u003C\/font\u003E\u003C\/li\u003E\u003C\/ul\u003E\u003C\/ul\u003E\u003Cspan style=\u0022font-family: verdana, sans-serif; color: rgb(51, 51, 51);\u0022\u003E**Este pack de AV no incluye t\u00e9cnicos, dietas, montaje y desmontaje.**\u003C\/span\u003E\u003C\/div\u003E\u003Cdiv style=\u0022color: rgb(34, 34, 34); font-family: Arial, Helvetica, sans-serif; font-size: small;\u0022\u003E\u003Cfont color=\u0022#333333\u0022 face=\u0022verdana, sans-serif\u0022\u003E\u003Cbr\u003E\u003C\/font\u003E\u003Cp class=\u0022gmail-\u0022 style=\u0022color: rgb(51, 51, 51);\u0022\u003E\u003Cspan style=\u0022color: rgb(0, 0, 0); font-family: Roboto, -apple-system, BlinkMacSystemFont, \u0026quot;Apple Color Emoji\u0026quot;, \u0026quot;Segoe UI\u0026quot;, Oxygen, Ubuntu, Cantarell, \u0026quot;Fira Sans\u0026quot;, \u0026quot;Droid Sans\u0026quot;, \u0026quot;Helvetica Neue\u0026quot;, sans-serif; font-size: 16px; white-space-collapse: preserve;\u0022\u003EEn la pesta\u00f1a superior derecha de \u003Cb\u003E\u003Cu\u003E\u0022Dossieres\u003C\/u\u003E\u003C\/b\u003E\u0022 encontrar\u00e1s mas fotos e informaci\u00f3n de los espacios, la oferta de catering y gastronom\u00eda de Higo \u0026amp; Trigo y el rider t\u00e9cnico y precios de Av Express\u0022\u003C\/span\u003E\u003C\/p\u003E\u003C\/div\u003E","importantDescSchedules":"\u003Cp class=\u0022MsoNormal\u0022\u003E\u003Cfont face=\u0022Verdana\u0022\u003E\u003Cb\u003E\u003Cu\u003E\u003Cspan style=\u0022font-size: 10pt; line-height: 15.3333px;\u0022\u003E-\u0026nbsp;\u003C\/span\u003E\u003C\/u\u003E\u003C\/b\u003E\u003Cb\u003E\u003Cu\u003E\u003Cspan style=\u0022font-size: 10pt; line-height: 15.3333px;\u0022\u003E\u200b\u003C\/span\u003E\u003C\/u\u003E\u003C\/b\u003E\u003Cb\u003E\u003Cu\u003E\u003Cspan style=\u0022font-size: 10pt; line-height: 15.3333px;\u0022\u003EHorarios:\u003C\/span\u003E\u003C\/u\u003E\u003C\/b\u003E\u003Cspan style=\u0022font-size: 10pt; line-height: 15.3333px;\u0022\u003E\u0026nbsp;\u003C\/span\u003E\u003Cspan style=\u0022font-size: 10pt; line-height: 15.3333px;\u0022\u003E\u200b\u003C\/span\u003E\u003Cspan style=\u0022font-size: 10pt; line-height: 15.3333px;\u0022\u003ENuestra\u0026nbsp;\u003C\/span\u003E\u003Cb\u003E\u003Cspan style=\u0022font-size: 10pt; line-height: 15.3333px;\u0022\u003E\u200b\u003C\/span\u003E\u003C\/b\u003E\u003Cb\u003E\u003Cspan style=\u0022font-size: 10pt; line-height: 15.3333px;\u0022\u003Ehora de l\u00edmite\u003C\/span\u003E\u003C\/b\u003E\u003Cspan style=\u0022font-size: 10pt; line-height: 15.3333px;\u0022\u003E\u0026nbsp;es hasta\u0026nbsp;\u003Cb\u003Elas 23:00 horas en Covarrubias\u003C\/b\u003E. A\u0026nbsp;dichas horas debemos estar cerrados.\u003Co:p\u003E\u003C\/o:p\u003E\u003C\/span\u003E\u003C\/font\u003E\u003C\/p\u003E\u003Cp class=\u0022MsoNormal\u0022\u003E\u003Cspan style=\u0022font-size: 10pt; line-height: 15.3333px;\u0022\u003E\u003Cfont face=\u0022Verdana\u0022\u003E**A consultar los horarios para los d\u00edas de montaje y desmontaje dependiendo del evento**\u0026nbsp;\u003C\/font\u003E\u003C\/span\u003E\u003C\/p\u003E","importantDescParking":"","showAudiovisualPrice":true,"showAudiovisualPackage":true,"pictures":[{"id":56,"title":"Blueprint","imageLarge":"large-d0031d16aacbde32e6e4074c632a2293.png","imageMedium":"medium-d0031d16aacbde32e6e4074c632a2293.png","imageSmall":"small-d0031d16aacbde32e6e4074c632a2293.png","createdAt":"2024-05-10 10:34:32","updatedAt":"2024-05-10 10:34:32"}],"comboDetails":[],"loungeDetails":{"id":24,"name":"Sala White en exclusiva","meters":"1000","length":"","width":"","height":"4.77","capSchool":"","capTheater":"","capCocktail":"","capBanquet":"","capImperial":"","rankLounge":67,"createdAt":"2023-11-17 09:28:11","updatedAt":"2025-09-16 21:16:00"},"totalPrice":4840,"avPackages":[{"id":30,"name":"Paquete - Sala White","description":"2026 \/ 06 - Sala White","totalPrice":1600,"isFeatured":false,"lounges":[{"id":22,"name":"Sala White 1"},{"id":23,"name":"Sala White 2"},{"id":24,"name":"Sala White en exclusiva"},{"id":47,"name":"Combo 10 Sala White + Sala Black"}],"items":[{"id":375,"productName":"Pantalla Led de 3,2x1,8","productId":335,"percProductPrice":0,"servicePrice":"0","priceWithoutPack":0,"rankAvPack":1,"description":null,"date":"17\/10\/2026","isChecked":false,"quantity":0},{"id":374,"productName":"Extender HDMI 4K","productId":80,"percProductPrice":6.4189189189189,"servicePrice":"38","priceWithoutPack":38,"rankAvPack":2,"description":null,"date":"17\/10\/2026","isChecked":false,"quantity":0},{"id":372,"productName":"PC para video","productId":8,"percProductPrice":13.851351351351,"servicePrice":"82","priceWithoutPack":82,"rankAvPack":3,"description":null,"date":"17\/10\/2026","isChecked":false,"quantity":0},{"id":373,"productName":"Microcue","productId":9,"percProductPrice":7.4324324324324,"servicePrice":"44.00","priceWithoutPack":44,"rankAvPack":4,"description":null,"date":"17\/10\/2026","isChecked":false,"quantity":0},{"id":377,"productName":"Altavoces auto-amplificados YAMAHA DXR 8 1110w","productId":241,"percProductPrice":39.02027027027,"servicePrice":"38.50","priceWithoutPack":38.5,"rankAvPack":5,"description":null,"date":"17\/10\/2026","isChecked":false,"quantity":0},{"id":378,"productName":"Mesa De Sonido Digital MIDAS 32R 16 canales ","productId":272,"percProductPrice":22.297297297297,"servicePrice":"132.00","priceWithoutPack":132,"rankAvPack":6,"description":null,"date":"17\/10\/2026","isChecked":false,"quantity":0},{"id":376,"productName":"Microfono inalambrico de mano Sennheiser","productId":26,"percProductPrice":10.97972972973,"servicePrice":"65","priceWithoutPack":65,"rankAvPack":7,"description":null,"date":"17\/10\/2026","isChecked":false,"quantity":0},{"id":379,"productName":"Tarima 5x2 con m\u00f3dulos de 2x1 (no incluye moqueta)","productId":336,"percProductPrice":0,"servicePrice":"0","priceWithoutPack":0,"rankAvPack":8,"description":null,"date":"17\/10\/2026","isChecked":false,"quantity":0}],"date":"17\/10\/2026","isChecked":false,"quantity":0},{"id":33,"name":"Paquetes recomendados","description":null,"totalPrice":880,"isFeatured":true,"lounges":[{"id":19,"name":"Sala 25"},{"id":20,"name":"Combo 4 Sala 25 + Sala de Cristal"},{"id":22,"name":"Sala White 1"},{"id":23,"name":"Sala White 2"},{"id":24,"name":"Sala White en exclusiva"},{"id":25,"name":"Sala Black"},{"id":33,"name":"Combo 5 Sala 25 + Sala de Cristal + Lima Rooms"},{"id":34,"name":"Combo 6 Sala 25 + Lima Rooms"},{"id":47,"name":"Combo 10 Sala White + Sala Black"}],"items":[{"id":393,"productName":"Moqueta Plenaria","productId":162,"percProductPrice":38.038352719271,"servicePrice":"605","priceWithoutPack":605,"rankAvPack":0,"description":null,"date":"17\/10\/2026","isChecked":false,"quantity":0},{"id":396,"productName":"\u0022Micr\u00f3fono Cuello De Cisne Sennheiser Mzh 3042 Con C\u00e1psula Me 36 (Para Atril)\u0022","productId":120,"percProductPrice":2.4206224457718,"servicePrice":"38.50","priceWithoutPack":38.5,"rankAvPack":1,"description":null,"date":"17\/10\/2026","isChecked":false,"quantity":0},{"id":400,"productName":"Micr\u00f3fono inal\u00e1mbrico de diadema DPA","productId":28,"percProductPrice":4.715498270984,"servicePrice":"75","priceWithoutPack":75,"rankAvPack":1,"description":null,"date":"17\/10\/2026","isChecked":false,"quantity":0},{"id":401,"productName":"Micr\u00f3fono inal\u00e1mbrico de solapa Sennheiser","productId":27,"percProductPrice":4.1496384784659,"servicePrice":"66.00","priceWithoutPack":66,"rankAvPack":1,"description":null,"date":"17\/10\/2026","isChecked":false,"quantity":0},{"id":404,"productName":"Monitor apoyo 65\u201d .25","productId":352,"percProductPrice":6.9160641307765,"servicePrice":"110","priceWithoutPack":110,"rankAvPack":1,"description":null,"date":"17\/10\/2026","isChecked":false,"quantity":0},{"id":405,"productName":"Pantalla 50\u0022 de referencia con soporte (cu\u00f1a) .25","productId":351,"percProductPrice":3.7723986167872,"servicePrice":"60","priceWithoutPack":60,"rankAvPack":1,"description":null,"date":"17\/10\/2026","isChecked":false,"quantity":0},{"id":406,"productName":"Pc video .25","productId":346,"percProductPrice":3.4580320653882,"servicePrice":"55","priceWithoutPack":55,"rankAvPack":1,"description":null,"date":"17\/10\/2026","isChecked":false,"quantity":0},{"id":407,"productName":"Altavoces auto-amplificados YAMAHA DXR 8 1110w .25","productId":350,"percProductPrice":1.760452687834,"servicePrice":"28","priceWithoutPack":28,"rankAvPack":1,"description":null,"date":"17\/10\/2026","isChecked":false,"quantity":0},{"id":409,"productName":"Micro diadema Sennheiser .25","productId":348,"percProductPrice":3.4580320653882,"servicePrice":"55","priceWithoutPack":55,"rankAvPack":1,"description":null,"date":"17\/10\/2026","isChecked":false,"quantity":0},{"id":410,"productName":"Foco fressnel + tr\u00edpode .25","productId":347,"percProductPrice":3.4580320653882,"servicePrice":"55","priceWithoutPack":55,"rankAvPack":1,"description":null,"date":"17\/10\/2026","isChecked":false,"quantity":0},{"id":411,"productName":"Foco Par led 36x3w .25","productId":353,"percProductPrice":1.760452687834,"servicePrice":"28","priceWithoutPack":28,"rankAvPack":1,"description":null,"date":"17\/10\/2026","isChecked":false,"quantity":0},{"id":412,"productName":"T\u00e9cnico audiovisual (no es comisionable e incluye dieta) .25","productId":354,"percProductPrice":22.005658597925,"servicePrice":"350","priceWithoutPack":350,"rankAvPack":1,"description":null,"date":"17\/10\/2026","isChecked":false,"quantity":0},{"id":421,"productName":"Microfono inalambrico de mano Sennheiser","productId":26,"percProductPrice":4.0867651681861,"servicePrice":"65","priceWithoutPack":65,"rankAvPack":1,"description":null,"date":"17\/10\/2026","isChecked":false,"quantity":0}],"date":"17\/10\/2026","isChecked":false,"quantity":0}],"loungeServices":[]}],"4":[{"id":31945,"loungeId":25,"loungeName":"Sala Black","type":null,"rankQuote":4,"dateStart":"2026-10-17 00:00:00","dateEnd":"2026-10-17 23:59:00","pax":40,"price":"2000","loungeIva":420,"combo":null,"isCombo":0,"descriptions":[{"language":"CASTELLANO","description":"\u003Cp class=\u0022MsoNormal\u0022 style=\u0022margin: 0cm; font-size: 12pt; font-family: \u0026quot;Times New Roman\u0026quot;, serif; color: rgb(0, 0, 0); line-height: 18.4px;\u0022\u003E\u003Cspan style=\u0022font-family: Arial, sans-serif;\u0022\u003ELa\u003Cb\u003E Sala Black\u003C\/b\u003E ofrece un ambiente de sofisticaci\u00f3n y misterio. Este espacio es ideal para eventos que buscan una atm\u00f3sfera elegante y contempor\u00e1nea, destacando por su exclusividad y estilo.\u003C\/span\u003E\u003C\/p\u003E\u003Cp class=\u0022MsoNormal\u0022 style=\u0022margin: 0cm; font-size: 12pt; font-family: \u0026quot;Times New Roman\u0026quot;, serif; color: rgb(0, 0, 0); line-height: 18.4px;\u0022\u003E\u003Cspan style=\u0022font-family: Arial, sans-serif;\u0022\u003E\u003Cb\u003E\u0026nbsp;\u003C\/b\u003E\u003C\/span\u003E\u003C\/p\u003E\u003Cp class=\u0022MsoNormal\u0022 style=\u0022margin: 0cm; font-size: 12pt; line-height: 18.4px;\u0022\u003E\u003Cb style=\u0022\u0022\u003E\u003Cfont face=\u0022Arial\u0022 style=\u0022\u0022 color=\u0022#000000\u0022\u003ECaracter\u00edsticas \u00danicas:\u003C\/font\u003E\u003C\/b\u003E\u003C\/p\u003E\u003Cp class=\u0022MsoNormal\u0022 style=\u0022margin: 0cm; font-size: 12pt; line-height: 18.4px;\u0022\u003E\u003Cb\u003E\u003Cfont face=\u0022Arial\u0022 color=\u0022#000000\u0022\u003E\u0026nbsp;\u003C\/font\u003E\u003C\/b\u003E\u003C\/p\u003E\u003Cp class=\u0022MsoNormal\u0022 style=\u0022margin: 0cm; font-size: 12pt; line-height: 18.4px;\u0022\u003E\u003Cfont face=\u0022Arial\u0022 color=\u0022#000000\u0022\u003E\u003Cb\u003EDise\u00f1o Contempor\u00e1neo: \u003C\/b\u003Eparedes blancas con decoraci\u00f3n en tonos oscuros con detalles en oro y m\u00e1rmol, creando un ambiente lujoso y sofisticado.\u003C\/font\u003E\u003C\/p\u003E\u003Cp class=\u0022MsoNormal\u0022 style=\u0022margin: 0cm; font-size: 12pt; line-height: 18.4px;\u0022\u003E\u003Cspan lang=\u0022EN-US\u0022 style=\u0022\u0022\u003E\u003Cfont face=\u0022Arial\u0022 color=\u0022#000000\u0022\u003E\u0026nbsp;\u003C\/font\u003E\u003C\/span\u003E\u003C\/p\u003E\u003Cp class=\u0022MsoNormal\u0022 style=\u0022margin: 0cm; font-size: 12pt; line-height: 18.4px;\u0022\u003E\u003Cfont face=\u0022Arial\u0022 color=\u0022#000000\u0022\u003E\u003Cb\u003EPerfecto para exposiciones:\u003C\/b\u003E \u00e1rea designada para exhibiciones de arte, productos o presentaciones visuales, equipada con iluminaci\u00f3n especial para destacar las piezas expuestas y su gran valor.\u003Co:p\u003E\u003C\/o:p\u003E\u003C\/font\u003E\u003C\/p\u003E\u003Cp class=\u0022MsoNormal\u0022 style=\u0022margin: 0cm; font-size: 12pt; line-height: 18.4px;\u0022\u003E\u003Cb\u003E\u003Cfont face=\u0022Arial\u0022 color=\u0022#000000\u0022\u003E\u0026nbsp;\u003C\/font\u003E\u003C\/b\u003E\u003C\/p\u003E\u003Cp class=\u0022MsoNormal\u0022 style=\u0022margin: 0cm; font-size: 12pt; line-height: 18.4px;\u0022\u003E\u003Cfont face=\u0022Arial\u0022 color=\u0022#000000\u0022\u003E\u003Cb\u003ETecnolog\u00eda de Vanguardia:\u003C\/b\u003E equipos audiovisuales de \u00faltima generaci\u00f3n, incluyendo pantallas HD, sistemas de sonido envolvente y conexi\u00f3n Wi-Fi de alta velocidad.\u003Co:p\u003E\u003C\/o:p\u003E\u003C\/font\u003E\u003C\/p\u003E\u003Cp class=\u0022MsoNormal\u0022 style=\u0022margin: 0cm; font-size: 12pt; line-height: 18.4px;\u0022\u003E\u003Cfont face=\u0022Arial\u0022 color=\u0022#000000\u0022\u003E\u003Cbr\u003E\u003C\/font\u003E\u003C\/p\u003E\u003Cp class=\u0022MsoNormal\u0022 style=\u0022margin: 0cm; font-size: 12pt; line-height: 18.4px;\u0022\u003E\u003Cfont face=\u0022Arial\u0022 color=\u0022#000000\u0022\u003E\u003Cb\u003EPrivacidad y Exclusividad:\u003C\/b\u003E un espacio que ofrece el privilegio de la intimidad y el lujo, asegurando que cada evento sea una experiencia \u00fanica y memorable.\u003C\/font\u003E\u003C\/p\u003E\u003Cp class=\u0022MsoNormal\u0022 style=\u0022margin: 0cm; font-size: 12pt; line-height: 18.4px;\u0022\u003E\u003Cfont face=\u0022Arial\u0022 color=\u0022#000000\u0022\u003E\u003Cbr\u003E\u003C\/font\u003E\u003C\/p\u003E\u003Cp class=\u0022MsoNormal\u0022 style=\u0022margin: 0cm; font-size: 12pt; line-height: 18.4px;\u0022\u003E\u003Cfont face=\u0022Arial\u0022 color=\u0022#000000\u0022\u003E\u003Cb\u003ETechnical Specifications:\u003C\/b\u003E\u003C\/font\u003E\u003C\/p\u003E\u003Cp class=\u0022MsoNormal\u0022 style=\u0022margin: 0cm; font-size: 12pt; line-height: 18.4px;\u0022\u003E\u003Co:p\u003E\u003Cfont face=\u0022Arial\u0022 color=\u0022#000000\u0022\u003E\u003Cbr\u003E\u003C\/font\u003E\u003C\/o:p\u003E\u003C\/p\u003E\u003Cul\u003E\u003Cli style=\u0022margin: 0cm; font-size: 12pt; line-height: 18.4px;\u0022\u003E\u003Cfont face=\u0022Arial\u0022 color=\u0022#000000\u0022 style=\u0022\u0022\u003E500 m2\u003C\/font\u003E\u003C\/li\u003E\u003Cli style=\u0022margin: 0cm; font-size: 12pt; line-height: 18.4px;\u0022\u003E\u003Cfont face=\u0022Arial\u0022 color=\u0022#000000\u0022\u003E3 metros de altura\u003C\/font\u003E\u003C\/li\u003E\u003Cli style=\u0022margin: 0cm; font-size: 12pt; line-height: 18.4px;\u0022\u003E\u003Cfont face=\u0022Arial\u0022 color=\u0022#000000\u0022\u003E150 pax en cualquier formato\u003C\/font\u003E\u003C\/li\u003E\u003Cli style=\u0022margin: 0cm; font-size: 12pt;\u0022\u003E\u003Cspan style=\u0022font-size: 11pt;\u0022\u003E\u003Cfont face=\u0022Arial\u0022 style=\u0022\u0022 color=\u0022#000000\u0022\u003ENatural Light\u003C\/font\u003E\u003C\/span\u003E\u003Cspan lang=\u0022es\u0022 style=\u0022color: rgb(54, 95, 145); font-family: \u0026quot;Times New Roman\u0026quot;, serif;\u0022\u003E\u003Co:p\u003E\u003C\/o:p\u003E\u003C\/span\u003E\u003C\/li\u003E\u003C\/ul\u003E","createdAt":"2024-12-02 16:23:26","updatedAt":"2024-12-02 16:23:26"},{"language":"ENGLISH","description":"\u003Cp\u003E\u003Cspan style=\u0022font-size: medium;\u0022\u003E\u003Cspan lang=\u0022EN-US\u0022 style=\u0022font-size: 12pt; font-family: Arial, sans-serif;\u0022\u003E\u003Cfont color=\u0022#000000\u0022\u003E\u003Cb\u003ESala Black \u003C\/b\u003Eoffers an atmosphere of sophistication and mystery. This space is ideal for events seeking an elegant and contemporary atmosphere, standing out for its exclusivity and style.\u003C\/font\u003E\u003C\/span\u003E\u003C\/span\u003E\u003C\/p\u003E\u003Cp class=\u0022MsoNormal\u0022 style=\u0022margin: 0cm; font-size: 12pt; font-family: \u0026quot;Times New Roman\u0026quot;, serif; line-height: 18.4px;\u0022\u003E\u003Cfont color=\u0022#000000\u0022\u003E\u003Cspan style=\u0022font-family: Arial, sans-serif;\u0022\u003E\u003Cb\u003EUnique Features:\u003C\/b\u003E\u003C\/span\u003E\u003Cspan style=\u0022font-family: Arial, sans-serif;\u0022\u003E\u003Co:p\u003E\u003C\/o:p\u003E\u003C\/span\u003E\u003C\/font\u003E\u003C\/p\u003E\u003Cp class=\u0022MsoNormal\u0022 style=\u0022margin: 0cm; font-size: 12pt; font-family: \u0026quot;Times New Roman\u0026quot;, serif; line-height: 18.4px;\u0022\u003E\u003Cfont color=\u0022#000000\u0022\u003E\u003Cbr\u003E\u003C\/font\u003E\u003C\/p\u003E\u003Cp class=\u0022MsoNormal\u0022 style=\u0022margin: 0cm; font-size: 12pt; font-family: \u0026quot;Times New Roman\u0026quot;, serif; line-height: 18.4px;\u0022\u003E\u003Cspan lang=\u0022EN-US\u0022 style=\u0022font-family: Arial, sans-serif;\u0022\u003E\u003Cfont color=\u0022#000000\u0022\u003E\u003Cb\u003EContemporary Design:\u003C\/b\u003E white walls with dark-toned decor with gold and marble details, creating a luxurious and sophisticated atmosphere.\u003Co:p\u003E\u003C\/o:p\u003E\u003C\/font\u003E\u003C\/span\u003E\u003C\/p\u003E\u003Cp class=\u0022MsoNormal\u0022 style=\u0022margin: 0cm; font-size: 12pt; font-family: \u0026quot;Times New Roman\u0026quot;, serif; line-height: 18.4px;\u0022\u003E\u003Cspan lang=\u0022EN-US\u0022 style=\u0022font-family: Arial, sans-serif;\u0022\u003E\u003Cfont color=\u0022#000000\u0022\u003E\u0026nbsp;\u003C\/font\u003E\u003C\/span\u003E\u003C\/p\u003E\u003Cp class=\u0022MsoNormal\u0022 style=\u0022margin: 0cm; font-size: 12pt; font-family: \u0026quot;Times New Roman\u0026quot;, serif; line-height: 18.4px;\u0022\u003E\u003Cspan lang=\u0022EN-US\u0022 style=\u0022font-family: Arial, sans-serif;\u0022\u003E\u003Cfont color=\u0022#000000\u0022\u003E\u003Cb\u003EPerfect for Exhibitions: \u003C\/b\u003Edesignated area for art exhibitions, products, or visual presentations, equipped with special lighting to highlight the displayed pieces and their great value.\u003C\/font\u003E\u003C\/span\u003E\u003C\/p\u003E\u003Cp class=\u0022MsoNormal\u0022 style=\u0022margin: 0cm; font-size: 12pt; font-family: \u0026quot;Times New Roman\u0026quot;, serif; line-height: 18.4px;\u0022\u003E\u003Cspan style=\u0022font-family: Arial, sans-serif;\u0022\u003E\u003Cfont color=\u0022#000000\u0022\u003E\u003Cb\u003E\u0026nbsp;\u003C\/b\u003E\u003C\/font\u003E\u003C\/span\u003E\u003C\/p\u003E\u003Cp class=\u0022MsoNormal\u0022 style=\u0022margin: 0cm; font-size: 12pt; font-family: \u0026quot;Times New Roman\u0026quot;, serif; line-height: 18.4px;\u0022\u003E\u003Cspan lang=\u0022EN-US\u0022 style=\u0022font-family: Arial, sans-serif;\u0022\u003E\u003Cfont color=\u0022#000000\u0022\u003E\u003Cb\u003EState-of-the-art Technology:\u003C\/b\u003E cutting-edge audiovisual equipment, including HD screens, surround sound systems, and high-speed Wi-Fi.\u003C\/font\u003E\u003C\/span\u003E\u003C\/p\u003E\u003Cp class=\u0022MsoNormal\u0022 style=\u0022margin: 0cm; font-size: 12pt; font-family: \u0026quot;Times New Roman\u0026quot;, serif; line-height: 18.4px;\u0022\u003E\u003Cspan lang=\u0022EN-US\u0022 style=\u0022font-family: Arial, sans-serif;\u0022\u003E\u003Cfont color=\u0022#000000\u0022\u003E\u003Cbr\u003E\u003C\/font\u003E\u003C\/span\u003E\u003C\/p\u003E\u003Cp\u003E\u003Cfont color=\u0022#000000\u0022\u003E\u003Cspan style=\u0022font-size: medium;\u0022\u003E\u003Cspan lang=\u0022EN-US\u0022 style=\u0022font-size: 12pt; font-family: Arial, sans-serif;\u0022\u003E\u003Cb\u003EPrivacy and Exclusivity:\u003C\/b\u003E a space that offers the privilege of intimacy and\u0026nbsp;\u003C\/span\u003E\u003C\/span\u003E\u003Cspan style=\u0022font-size: medium;\u0022\u003E\u003C\/span\u003E\u003Cspan style=\u0022font-size: medium;\u0022\u003E\u003Cspan lang=\u0022EN-US\u0022 style=\u0022font-size: 12pt; font-family: Arial, sans-serif;\u0022\u003E\u003C\/span\u003E\u003C\/span\u003E\u003Cspan style=\u0022font-size: medium;\u0022\u003E\u003C\/span\u003E\u003Cspan style=\u0022font-size: medium;\u0022\u003E\u003Cspan lang=\u0022EN-US\u0022 style=\u0022font-size: 12pt; font-family: Arial, sans-serif;\u0022\u003Eluxury, ensuring that each event is a unique and memorable experience.\u003C\/span\u003E\u003C\/span\u003E\u003C\/font\u003E\u003C\/p\u003E\u003Cp class=\u0022MsoNormal\u0022 style=\u0022margin: 0cm; font-size: 12pt; font-family: \u0026quot;Times New Roman\u0026quot;, serif; line-height: 18.4px;\u0022\u003E\u003Cspan style=\u0022font-family: Roboto, \u0026quot;Helvetica Neue\u0026quot;, Helvetica, Arial, sans-serif; font-size: 13px;\u0022\u003E\u003Cfont color=\u0022#000000\u0022\u003E\u003Cb\u003ETechnical Specifications:\u003C\/b\u003E\u003C\/font\u003E\u003C\/span\u003E\u003C\/p\u003E\u003Cp class=\u0022MsoNormal\u0022 style=\u0022margin: 0cm; font-size: 12pt; font-family: \u0026quot;Times New Roman\u0026quot;, serif; line-height: 18.4px;\u0022\u003E\u003Cspan style=\u0022font-family: Roboto, \u0026quot;Helvetica Neue\u0026quot;, Helvetica, Arial, sans-serif; font-size: 13px;\u0022\u003E\u003Cfont color=\u0022#000000\u0022\u003E\u003Cb\u003E\u003Cbr\u003E\u003C\/b\u003E\u003C\/font\u003E\u003C\/span\u003E\u003C\/p\u003E\u003Cul\u003E\u003Cli style=\u0022margin: 0cm; font-size: 12pt; font-family: \u0026quot;Times New Roman\u0026quot;, serif; line-height: 18.4px;\u0022\u003E\u003Cfont color=\u0022#000000\u0022\u003E\u003Cspan style=\u0022font-family: Arial, sans-serif;\u0022\u003E500 m2\u003C\/span\u003E\u003C\/font\u003E\u003C\/li\u003E\u003Cli style=\u0022margin: 0cm; font-size: 12pt; font-family: \u0026quot;Times New Roman\u0026quot;, serif; line-height: 18.4px;\u0022\u003E\u003Cfont color=\u0022#000000\u0022\u003E\u003Cspan style=\u0022font-family: Arial, sans-serif;\u0022\u003E3 \u003C\/span\u003E\u003Cspan style=\u0022font-family: Arial, sans-serif;\u0022\u003Emeters high\u003C\/span\u003E\u003Cspan style=\u0022font-family: Arial, sans-serif; font-size: 12pt;\u0022\u003E\u0026nbsp;\u003C\/span\u003E\u003C\/font\u003E\u003C\/li\u003E\u003Cli style=\u0022margin: 0cm; font-size: 12pt; font-family: \u0026quot;Times New Roman\u0026quot;, serif; line-height: 18.4px;\u0022\u003E\u003Cspan style=\u0022font-size: 12pt;\u0022\u003E\u003Cspan style=\u0022font-family: Arial, sans-serif;\u0022\u003E\u003Cfont color=\u0022#000000\u0022\u003E150 pax\u003C\/font\u003E\u003C\/span\u003E\u003C\/span\u003E\u003C\/li\u003E\u003Cli style=\u0022margin: 0cm; font-size: 12pt; font-family: \u0026quot;Times New Roman\u0026quot;, serif;\u0022\u003E\u003Cfont color=\u0022#000000\u0022\u003E\u003Cspan style=\u0022font-size: 11pt; font-family: Arial, sans-serif;\u0022\u003ENatural Light\u003C\/span\u003E\u003Cspan lang=\u0022es\u0022 style=\u0022\u0022\u003E\u003Co:p\u003E\u003C\/o:p\u003E\u003C\/span\u003E\u003C\/font\u003E\u003C\/li\u003E\u003C\/ul\u003E\u003Cp class=\u0022MsoNormal\u0022 style=\u0022margin: 0cm; font-size: 12pt; font-family: \u0026quot;Times New Roman\u0026quot;, serif; color: rgb(0, 0, 0); line-height: 18.4px;\u0022\u003E\u003Cbr\u003E\u003C\/p\u003E\u003Cspan style=\u0022color: rgb(0, 0, 0); font-size: medium;\u0022\u003E\u003C\/span\u003E","createdAt":"2024-12-02 16:26:35","updatedAt":"2024-12-02 16:26:35"}],"loungeDescription":null,"importantDescription":"\u003Cul style=\u0022color: rgb(34, 34, 34); font-family: Arial, Helvetica, sans-serif; font-size: small;\u0022\u003E\u003Cli style=\u0022margin-left: 15px;\u0022\u003E\u003Ci\u003E\u003Cb\u003E\u003Cu\u003E\u003Cfont face=\u0022verdana, sans-serif\u0022\u003ELA\u003Ca href=\u0022https:\/\/greenpatio.es\/covarrubias-the-one.html\u0022 target=\u0022_blank\u0022 data-saferedirecturl=\u0022https:\/\/www.google.com\/url?q=https:\/\/greenpatio.es\/covarrubias-the-one.html\u0026amp;source=gmail\u0026amp;ust=1739034545465000\u0026amp;usg=AOvVaw0oAHy7FK7lkSs_fft8AJr3\u0022 style=\u0022color: rgb(17, 85, 204);\u0022\u003E\u0026nbsp;PLANTA BLACK\u003C\/a\u003E\u0026nbsp;dispone de 500 m2:\u003C\/font\u003E\u003C\/u\u003E\u003C\/b\u003E\u003C\/i\u003E\u003C\/li\u003E\u003C\/ul\u003E\u003Cul style=\u0022color: rgb(34, 34, 34); font-family: Arial, Helvetica, sans-serif; font-size: small;\u0022\u003E\u003Cli style=\u0022margin-left: 15px;\u0022\u003E\u003Cfont face=\u0022verdana, sans-serif\u0022\u003EConformada por una sola sala de 500 m2 aproximadamente y 3 metros de altura (ver plano en el dossier).\u0026nbsp; \u0026nbsp;\u003C\/font\u003E\u003C\/li\u003E\u003C\/ul\u003E","importantDescGeneralText":"\u003Cul\u003E\u003Cli\u003E\u003Cspan font-size:=\u0022\u0022 10pt;=\u0022\u0022 line-height:=\u0022\u0022 15.3333px;=\u0022\u0022 font-family:=\u0022\u0022 \u0026quot;century=\u0022\u0022 gothic\u0026quot;,=\u0022\u0022 sans-serif;\u0022\u0022=\u0022\u0022\u003E\u003Cfont face=\u0022Verdana\u0022\u003E\u003Cb\u003E\u003Cu\u003EAdem\u00e1s, en esta sala ten\u00e9is INCLUIDO el \u003Cfont color=\u0022#ff0000\u0022\u003Esiguiente\u0026nbsp;pack audiovisual\u003Cspan font-size:=\u0022\u0022 10pt;=\u0022\u0022 line-height:=\u0022\u0022 115%;=\u0022\u0022 font-family:=\u0022\u0022 \u0026quot;century=\u0022\u0022 gothic\u0026quot;,=\u0022\u0022 sans-serif;\u0022\u0022=\u0022\u0022\u003E:\u003C\/span\u003E\u003Cspan font-size:10.0pt;line-height:=\u0022\u0022 115%;font-family:\u0026quot;century=\u0022\u0022 gothic\u0026quot;,sans-serif\u0022\u0022=\u0022\u0022\u003E\u0026nbsp;\u003C\/span\u003E\u003C\/font\u003E\u003C\/u\u003E\u003C\/b\u003E\u003C\/font\u003E\u003C\/span\u003E\u003C\/li\u003E\u003Cul\u003E\u003Cli\u003E\u003Cfont face=\u0022Verdana\u0022\u003E\u003Cspan font-size:=\u0022\u0022 10pt;=\u0022\u0022 line-height:=\u0022\u0022 15.3333px;=\u0022\u0022 font-family:=\u0022\u0022 \u0026quot;century=\u0022\u0022 gothic\u0026quot;,=\u0022\u0022 sans-serif;\u0022\u0022=\u0022\u0022\u003E\u003Cspan font-size:10.0pt;line-height:=\u0022\u0022 115%;font-family:\u0026quot;century=\u0022\u0022 gothic\u0026quot;,sans-serif\u0022\u0022=\u0022\u0022\u003E\u003Cul\u003E\u003Cli style=\u0022line-height: 1.295; margin-top: 0pt; margin-bottom: 0pt; padding: 0pt 0pt 8pt;\u0022\u003E\u003Cspan style=\u0022font-variant-numeric: normal; font-variant-east-asian: normal; font-variant-alternates: normal; font-variant-position: normal; font-variant-emoji: normal; vertical-align: baseline;\u0022\u003EMonitor de 98\u0022 o de 86\u201d Samsung 4K\u003C\/span\u003E\u003C\/li\u003E\u003Cli style=\u0022line-height: 1.295; margin-top: 0pt; margin-bottom: 0pt; padding: 0pt 0pt 8pt;\u0022\u003E\u003Cspan style=\u0022font-variant-numeric: normal; font-variant-east-asian: normal; font-variant-alternates: normal; font-variant-position: normal; font-variant-emoji: normal; vertical-align: baseline;\u0022\u003EMesa de sonido\u0026nbsp;\u003C\/span\u003E\u003C\/li\u003E\u003Cli style=\u0022line-height: 1.295; margin-top: 0pt; margin-bottom: 0pt; padding: 0pt 0pt 8pt;\u0022\u003E\u003Cspan style=\u0022font-variant-numeric: normal; font-variant-east-asian: normal; font-variant-alternates: normal; font-variant-position: normal; font-variant-emoji: normal; vertical-align: baseline;\u0022\u003E6 altavoces Yamaha DXR8\u003C\/span\u003E\u003C\/li\u003E\u003Cli style=\u0022line-height: 1.295; margin-top: 0pt; margin-bottom: 0pt; padding: 0pt 0pt 8pt;\u0022\u003E\u003Cspan style=\u0022font-variant-numeric: normal; font-variant-east-asian: normal; font-variant-alternates: normal; font-variant-position: normal; font-variant-emoji: normal; vertical-align: baseline;\u0022\u003E1 micro de mano Sennheiser inal\u00e1mbrico\u003C\/span\u003E\u003C\/li\u003E\u003Cli\u003E\u003Cfont face=\u0022verdana, sans-serif\u0022\u003Etarima de 5x2 metros (sin moqueta)\u003Cbr\u003E\u003Cbr\u003E\u003C\/font\u003E\u003C\/li\u003E\u003C\/ul\u003E\u003C\/span\u003E\u003C\/span\u003E\u003Cspan font-size:10.0pt;line-height:115%;font-family:\u0026quot;century=\u0022\u0022 gothic\u0026quot;,sans-serif;=\u0022\u0022 mso-fareast-font-family:aptos;mso-fareast-theme-font:minor-latin;mso-bidi-font-family:=\u0022\u0022 \u0026quot;times=\u0022\u0022 new=\u0022\u0022 roman\u0026quot;;mso-bidi-theme-font:minor-bidi;mso-ansi-language:es;=\u0022\u0022 mso-fareast-language:en-us;mso-bidi-language:ar-sa\u0022\u0022=\u0022\u0022\u003E**Este pack de AV no incluye t\u00e9cnicos, dietas, montaje y desmontaje**\u003C\/span\u003E\u003C\/font\u003E\u003C\/li\u003E\u003C\/ul\u003E\u003C\/ul\u003E\u003Cp class=\u0022\u0022 msonormal\u0022\u0022=\u0022\u0022\u003E\u003Cspan style=\u0022color: rgb(0, 0, 0); font-family: Roboto, -apple-system, BlinkMacSystemFont, \u0026quot;Apple Color Emoji\u0026quot;, \u0026quot;Segoe UI\u0026quot;, Oxygen, Ubuntu, Cantarell, \u0026quot;Fira Sans\u0026quot;, \u0026quot;Droid Sans\u0026quot;, \u0026quot;Helvetica Neue\u0026quot;, sans-serif; font-size: 16px; white-space-collapse: preserve;\u0022\u003EEn la pesta\u00f1a superior derecha de \u0022Dossieres\u0022 encontrar\u00e1s mas fotos e informaci\u00f3n de los espacios, la oferta de Catering y Gastronom\u00eda de Higo \u0026amp; Trigo y el Rider t\u00e9cnico y precios de Av Express\u0022\u003C\/span\u003E\u003C\/p\u003E","importantDescSchedules":"\u003Cp class=\u0022\u0022 msonormal\u0022\u0022=\u0022\u0022\u003E\u003Cfont face=\u0022Verdana\u0022\u003E\u003Cb\u003E\u003Cu\u003E\u003Cspan font-size:=\u0022\u0022 10pt;=\u0022\u0022 line-height:=\u0022\u0022 15.3333px;=\u0022\u0022 font-family:=\u0022\u0022 \u0026quot;century=\u0022\u0022 gothic\u0026quot;,=\u0022\u0022 sans-serif;\u0022\u0022=\u0022\u0022\u003E-\u0026nbsp;\u003C\/span\u003E\u003C\/u\u003E\u003C\/b\u003E\u003Cb\u003E\u003Cu\u003E\u003Cspan font-size:=\u0022\u0022 10pt;=\u0022\u0022 line-height:=\u0022\u0022 15.3333px;=\u0022\u0022 font-family:=\u0022\u0022 arial,=\u0022\u0022 sans-serif;\u0022\u0022=\u0022\u0022\u003E\u200b\u003C\/span\u003E\u003C\/u\u003E\u003C\/b\u003E\u003Cb\u003E\u003Cu\u003E\u003Cspan font-size:=\u0022\u0022 10pt;=\u0022\u0022 line-height:=\u0022\u0022 15.3333px;=\u0022\u0022 font-family:=\u0022\u0022 \u0026quot;century=\u0022\u0022 gothic\u0026quot;,=\u0022\u0022 sans-serif;\u0022\u0022=\u0022\u0022\u003EHorarios:\u003C\/span\u003E\u003C\/u\u003E\u003C\/b\u003E\u003Cspan font-size:=\u0022\u0022 10pt;=\u0022\u0022 line-height:=\u0022\u0022 15.3333px;=\u0022\u0022 font-family:=\u0022\u0022 \u0026quot;century=\u0022\u0022 gothic\u0026quot;,=\u0022\u0022 sans-serif;\u0022\u0022=\u0022\u0022\u003E\u0026nbsp;\u003C\/span\u003E\u003Cspan font-size:=\u0022\u0022 10pt;=\u0022\u0022 line-height:=\u0022\u0022 15.3333px;=\u0022\u0022 font-family:=\u0022\u0022 arial,=\u0022\u0022 sans-serif;\u0022\u0022=\u0022\u0022\u003E\u200b\u003C\/span\u003E\u003Cspan font-size:=\u0022\u0022 10pt;=\u0022\u0022 line-height:=\u0022\u0022 15.3333px;=\u0022\u0022 font-family:=\u0022\u0022 \u0026quot;century=\u0022\u0022 gothic\u0026quot;,=\u0022\u0022 sans-serif;\u0022\u0022=\u0022\u0022\u003ENuestra\u0026nbsp;\u003C\/span\u003E\u003Cb\u003E\u200b\u003C\/b\u003E\u003Cb\u003Ehora de l\u00edmite\u003C\/b\u003E\u003Cspan font-size:=\u0022\u0022 10pt;=\u0022\u0022 line-height:=\u0022\u0022 15.3333px;=\u0022\u0022 font-family:=\u0022\u0022 \u0026quot;century=\u0022\u0022 gothic\u0026quot;,=\u0022\u0022 sans-serif;\u0022\u0022=\u0022\u0022\u003E\u0026nbsp;es hasta\u0026nbsp;\u003Cb\u003Elas 23:00 horas en Covarrubias\u003C\/b\u003E. A\u0026nbsp;dichas horas debemos estar cerrados.\u003Co:p\u003E\u003C\/o:p\u003E\u003C\/span\u003E\u003C\/font\u003E\u003C\/p\u003E\u003Cp class=\u0022\u0022 msonormal\u0022\u0022=\u0022\u0022\u003E\u003Cspan font-size:=\u0022\u0022 10pt;=\u0022\u0022 line-height:=\u0022\u0022 15.3333px;=\u0022\u0022 font-family:=\u0022\u0022 \u0026quot;century=\u0022\u0022 gothic\u0026quot;,=\u0022\u0022 sans-serif;\u0022\u0022=\u0022\u0022\u003E\u003Cfont face=\u0022Verdana\u0022\u003E**A consultar los horarios para los d\u00edas de montaje y desmontaje dependiendo del evento**\u0026nbsp;\u003C\/font\u003E\u003C\/span\u003E\u003C\/p\u003E","importantDescParking":"","showAudiovisualPrice":true,"showAudiovisualPackage":true,"pictures":[{"id":57,"title":"Blueprint","imageLarge":"large-1e588ef541620dc35e97fc7b3e6300fe.png","imageMedium":"medium-1e588ef541620dc35e97fc7b3e6300fe.png","imageSmall":"small-1e588ef541620dc35e97fc7b3e6300fe.png","createdAt":"2024-05-10 10:35:17","updatedAt":"2024-05-10 10:35:17"}],"comboDetails":[],"loungeDetails":{"id":25,"name":"Sala Black","meters":"500","length":"","width":"","height":"3","capSchool":"","capTheater":"","capCocktail":"","capBanquet":"","capImperial":"","rankLounge":68,"createdAt":"2023-11-17 09:28:25","updatedAt":"2025-09-16 21:16:12"},"totalPrice":2420,"avPackages":[{"id":29,"name":"Paquete - Sala Black","description":"2026 \/ 06 - Sala Black","totalPrice":1100,"isFeatured":false,"lounges":[{"id":25,"name":"Sala Black"},{"id":47,"name":"Combo 10 Sala White + Sala Black"}],"items":[{"id":368,"productName":"Pantalla tv led 115\u0022 Samsung","productId":331,"percProductPrice":0,"servicePrice":"0","priceWithoutPack":0,"rankAvPack":1,"description":null,"date":"17\/10\/2026","isChecked":false,"quantity":0},{"id":367,"productName":"Extender HDMI 4K","productId":80,"percProductPrice":7.5396825396825,"servicePrice":"38","priceWithoutPack":38,"rankAvPack":2,"description":null,"date":"17\/10\/2026","isChecked":false,"quantity":0},{"id":365,"productName":"PC para video","productId":8,"percProductPrice":16.269841269841,"servicePrice":"82","priceWithoutPack":82,"rankAvPack":3,"description":null,"date":"17\/10\/2026","isChecked":false,"quantity":0},{"id":366,"productName":"Microcue","productId":9,"percProductPrice":8.7301587301587,"servicePrice":"44.00","priceWithoutPack":44,"rankAvPack":4,"description":null,"date":"17\/10\/2026","isChecked":false,"quantity":0},{"id":370,"productName":"Altavoces auto-amplificados YAMAHA DXR 8 1110w","productId":241,"percProductPrice":45.833333333333,"servicePrice":"38.50","priceWithoutPack":38.5,"rankAvPack":5,"description":null,"date":"17\/10\/2026","isChecked":false,"quantity":0},{"id":369,"productName":"Mesa De Sonido Soundcraft 10 Canales","productId":128,"percProductPrice":8.7301587301587,"servicePrice":"44.00","priceWithoutPack":44,"rankAvPack":6,"description":null,"date":"17\/10\/2026","isChecked":false,"quantity":0},{"id":395,"productName":"Microfono inalambrico de mano Sennheiser","productId":26,"percProductPrice":12.896825396825,"servicePrice":"65","priceWithoutPack":65,"rankAvPack":7,"description":null,"date":"17\/10\/2026","isChecked":false,"quantity":0},{"id":371,"productName":"Tarima de 4x2m (no incluye moqueta)","productId":333,"percProductPrice":0,"servicePrice":"0","priceWithoutPack":0,"rankAvPack":8,"description":null,"date":"17\/10\/2026","isChecked":false,"quantity":0}],"date":"17\/10\/2026","isChecked":false,"quantity":0},{"id":33,"name":"Paquetes recomendados","description":null,"totalPrice":880,"isFeatured":true,"lounges":[{"id":19,"name":"Sala 25"},{"id":20,"name":"Combo 4 Sala 25 + Sala de Cristal"},{"id":22,"name":"Sala White 1"},{"id":23,"name":"Sala White 2"},{"id":24,"name":"Sala White en exclusiva"},{"id":25,"name":"Sala Black"},{"id":33,"name":"Combo 5 Sala 25 + Sala de Cristal + Lima Rooms"},{"id":34,"name":"Combo 6 Sala 25 + Lima Rooms"},{"id":47,"name":"Combo 10 Sala White + Sala Black"}],"items":[{"id":393,"productName":"Moqueta Plenaria","productId":162,"percProductPrice":38.038352719271,"servicePrice":"605","priceWithoutPack":605,"rankAvPack":0,"description":null,"date":"17\/10\/2026","isChecked":false,"quantity":0},{"id":396,"productName":"\u0022Micr\u00f3fono Cuello De Cisne Sennheiser Mzh 3042 Con C\u00e1psula Me 36 (Para Atril)\u0022","productId":120,"percProductPrice":2.4206224457718,"servicePrice":"38.50","priceWithoutPack":38.5,"rankAvPack":1,"description":null,"date":"17\/10\/2026","isChecked":false,"quantity":0},{"id":400,"productName":"Micr\u00f3fono inal\u00e1mbrico de diadema DPA","productId":28,"percProductPrice":4.715498270984,"servicePrice":"75","priceWithoutPack":75,"rankAvPack":1,"description":null,"date":"17\/10\/2026","isChecked":false,"quantity":0},{"id":401,"productName":"Micr\u00f3fono inal\u00e1mbrico de solapa Sennheiser","productId":27,"percProductPrice":4.1496384784659,"servicePrice":"66.00","priceWithoutPack":66,"rankAvPack":1,"description":null,"date":"17\/10\/2026","isChecked":false,"quantity":0},{"id":404,"productName":"Monitor apoyo 65\u201d .25","productId":352,"percProductPrice":6.9160641307765,"servicePrice":"110","priceWithoutPack":110,"rankAvPack":1,"description":null,"date":"17\/10\/2026","isChecked":false,"quantity":0},{"id":405,"productName":"Pantalla 50\u0022 de referencia con soporte (cu\u00f1a) .25","productId":351,"percProductPrice":3.7723986167872,"servicePrice":"60","priceWithoutPack":60,"rankAvPack":1,"description":null,"date":"17\/10\/2026","isChecked":false,"quantity":0},{"id":406,"productName":"Pc video .25","productId":346,"percProductPrice":3.4580320653882,"servicePrice":"55","priceWithoutPack":55,"rankAvPack":1,"description":null,"date":"17\/10\/2026","isChecked":false,"quantity":0},{"id":407,"productName":"Altavoces auto-amplificados YAMAHA DXR 8 1110w .25","productId":350,"percProductPrice":1.760452687834,"servicePrice":"28","priceWithoutPack":28,"rankAvPack":1,"description":null,"date":"17\/10\/2026","isChecked":false,"quantity":0},{"id":409,"productName":"Micro diadema Sennheiser .25","productId":348,"percProductPrice":3.4580320653882,"servicePrice":"55","priceWithoutPack":55,"rankAvPack":1,"description":null,"date":"17\/10\/2026","isChecked":false,"quantity":0},{"id":410,"productName":"Foco fressnel + tr\u00edpode .25","productId":347,"percProductPrice":3.4580320653882,"servicePrice":"55","priceWithoutPack":55,"rankAvPack":1,"description":null,"date":"17\/10\/2026","isChecked":false,"quantity":0},{"id":411,"productName":"Foco Par led 36x3w .25","productId":353,"percProductPrice":1.760452687834,"servicePrice":"28","priceWithoutPack":28,"rankAvPack":1,"description":null,"date":"17\/10\/2026","isChecked":false,"quantity":0},{"id":412,"productName":"T\u00e9cnico audiovisual (no es comisionable e incluye dieta) .25","productId":354,"percProductPrice":22.005658597925,"servicePrice":"350","priceWithoutPack":350,"rankAvPack":1,"description":null,"date":"17\/10\/2026","isChecked":false,"quantity":0},{"id":421,"productName":"Microfono inalambrico de mano Sennheiser","productId":26,"percProductPrice":4.0867651681861,"servicePrice":"65","priceWithoutPack":65,"rankAvPack":1,"description":null,"date":"17\/10\/2026","isChecked":false,"quantity":0}],"date":"17\/10\/2026","isChecked":false,"quantity":0}],"loungeServices":[]}],"5":[{"id":31946,"loungeId":44,"loungeName":"Legends La Quinta Planta","type":null,"rankQuote":5,"dateStart":"2026-10-17 00:00:00","dateEnd":"2026-10-17 23:59:00","pax":40,"price":"800","loungeIva":168,"combo":null,"isCombo":0,"descriptions":[],"loungeDescription":null,"importantDescription":"\u003Cp\u003E\u003Cfont face=\u0022Verdana\u0022\u003E\u003Cb style=\u0022\u0022\u003E\u003Cu\u003ETERRAZA - LA QUINTA PLANTA:\u003C\/u\u003E\u0026nbsp;\u003C\/b\u003E\u0026nbsp;Ubicada en pleno coraz\u00f3n de Madrid, en la emblem\u00e1tica \u003Cstrong data-start=\u002254\u0022 data-end=\u002272\u0022\u003EPuerta del Sol\u003C\/strong\u003E, con vistas privilegiadas a uno de los puntos m\u00e1s ic\u00f3nicos de la ciudad.\u003C\/font\u003E\u003C\/p\u003E\u003Cul\u003E\u003Cli\u003E\u003Cfont face=\u0022Verdana\u0022\u003E\u003Cb\u003EZONA INDOOR + ZONA OUTDOOR:\u003C\/b\u003E Para la restauraci\u00f3n. Se trata de una terraza privada en la azotea del edifico.\u003C\/font\u003E\u003C\/li\u003E\u003C\/ul\u003E","importantDescGeneralText":"\u003Cp\u003E\u003Cspan style=\u0022font-family: Verdana;\u0022\u003EEn la pesta\u00f1a superior derecha de\u0026nbsp;\u003C\/span\u003E\u003Cb style=\u0022font-family: Verdana;\u0022\u003E\u0022Dossieres\u0022\u003C\/b\u003E\u003Cspan style=\u0022font-family: Verdana;\u0022\u003E\u0026nbsp;encontrar\u00e1s mas fotos e informaci\u00f3n de los espacios, la oferta de catering y gastronom\u00eda de\u003C\/span\u003E\u003Cb style=\u0022font-family: Verdana;\u0022\u003E\u0026nbsp;Higo \u0026amp; Trigo\u0026nbsp;\u003C\/b\u003E\u003Cspan style=\u0022font-family: Verdana;\u0022\u003Ey el rider t\u00e9cnico y precios de\u0026nbsp;\u003C\/span\u003E\u003Cb style=\u0022font-family: Verdana;\u0022\u003EAv Express\u003C\/b\u003E\u003C\/p\u003E","importantDescSchedules":"\u003Cp\u003E\u003Cspan style=\u0022font-family: Verdana;\u0022\u003EA consultar seg\u00fan el evento\u003C\/span\u003E\u003C\/p\u003E","importantDescParking":"","showAudiovisualPrice":true,"showAudiovisualPackage":true,"pictures":[],"comboDetails":[],"loungeDetails":{"id":44,"name":"Legends La Quinta Planta","meters":null,"length":null,"width":null,"height":null,"capSchool":null,"capTheater":null,"capCocktail":null,"capBanquet":null,"capImperial":null,"rankLounge":90,"createdAt":"2025-12-09 13:00:54","updatedAt":"2025-12-09 13:00:54"},"totalPrice":968,"avPackages":[{"id":32,"name":"Paquete - Legends","description":"2026 \/ 06 - Legends","totalPrice":700,"isFeatured":false,"lounges":[{"id":30,"name":"Legends Sala Hitos"},{"id":32,"name":"Legends Sala Football Art"},{"id":35,"name":"Legends Terraza"},{"id":44,"name":"Legends La Quinta Planta"},{"id":46,"name":"Legends Sala Game ON"}],"items":[{"id":389,"productName":"Pantalla tv led 115\u0022 Samsung","productId":331,"percProductPrice":0,"servicePrice":"0","priceWithoutPack":0,"rankAvPack":1,"description":null,"date":"17\/10\/2026","isChecked":false,"quantity":0},{"id":390,"productName":"PC para video + hdmi","productId":337,"percProductPrice":0,"servicePrice":"0","priceWithoutPack":0,"rankAvPack":2,"description":null,"date":"17\/10\/2026","isChecked":false,"quantity":0},{"id":388,"productName":"Pasa diapositivas","productId":16,"percProductPrice":9.6069868995633,"servicePrice":"22.00","priceWithoutPack":22,"rankAvPack":3,"description":null,"date":"17\/10\/2026","isChecked":false,"quantity":0},{"id":391,"productName":"Altavoces  auto-amplificados JBL EON ONE PRO + mezclador 7 canales 250w","productId":21,"percProductPrice":62.008733624454,"servicePrice":"71","priceWithoutPack":71,"rankAvPack":4,"description":null,"date":"17\/10\/2026","isChecked":false,"quantity":0},{"id":392,"productName":"Microfono inalambrico de mano Sennheiser","productId":26,"percProductPrice":28.384279475983,"servicePrice":"65","priceWithoutPack":65,"rankAvPack":5,"description":null,"date":"17\/10\/2026","isChecked":false,"quantity":0}],"date":"17\/10\/2026","isChecked":false,"quantity":0}],"loungeServices":[]}]},"reservationService":[],"filteredServices":[]}